{"id":6097,"date":"2021-03-05T11:43:24","date_gmt":"2021-03-05T10:43:24","guid":{"rendered":"https:\/\/vorschau.buechel-online.com\/edge\/"},"modified":"2024-09-19T16:03:40","modified_gmt":"2024-09-19T14:03:40","slug":"edge","status":"publish","type":"post","link":"https:\/\/buechel-online.com\/en\/edge\/","title":{"rendered":"Edge"},"content":{"rendered":"<p>[vc_row row_type=&#8221;row&#8221; use_row_as_full_screen_section=&#8221;yes&#8221; type=&#8221;grid&#8221; text_align=&#8221;left&#8221; background_animation=&#8221;none&#8221; css_animation=&#8221;&#8221; css=&#8221;.vc_custom_1583763812669{margin-bottom: 20px !important;}&#8221;][vc_column][vc_separator type=&#8221;normal&#8221; border_style=&#8221;&#8221; color=&#8221;#1f3c7d&#8221;][vc_column_text]<\/p>\n<div class=\"text-vertikal\">\n<h2 class=\"flaeche-produkte\"><\/h2>\n<\/div>\n<div class=\"text-vertikal\">\n<h2 class=\"headline-vertikal\">Edge<\/h2>\n<\/div>\n<p>[\/vc_column_text][\/vc_column][\/vc_row][vc_row row_type=&#8221;row&#8221; use_row_as_full_screen_section=&#8221;no&#8221; type=&#8221;grid&#8221; text_align=&#8221;left&#8221; background_animation=&#8221;none&#8221; css_animation=&#8221;&#8221;][vc_column width=&#8221;1\/2&#8243;][vc_single_image image=&#8221;3183&#8243; img_size=&#8221;500&#215;500&#8243; qode_css_animation=&#8221;&#8221;][\/vc_column][vc_column width=&#8221;1\/2&#8243;][vc_column_text css=&#8221;.vc_custom_1699620313567{margin-bottom: 10px !important;padding-top: 10px !important;padding-right: 10px !important;padding-bottom: 10px !important;padding-left: 10px !important;}&#8221;]<strong>Description<\/strong> &nbsp;&gt; The B\u00dcCHEL <em>Edge<\/em> rear light with integrated Z-reflector, the first sensor-controlled brake light, optionally with emergency braking indicator, for bicycles in accordance with the new StVZO and ECE directive, offers a major safety boost for cyclists.  &nbsp;&gt; The STOPTECH brake light function is a joint development with the Fraunhofer Institute in Dresden. The sensor technology, which detects the deceleration of the speed during the braking process, makes a connection to the braking system via cable superfluous. The ECE directive states that the minimum value of the brake light must be 40 candela, which is several times brighter than the short-term signalling previously permitted in the StVZO. The brightness of the <em>Edge<\/em> brake light with 45 candela is more than five times that of the tail light. In the event of heavy emergency braking, all LEDs flash to clearly warn traffic behind. This considerably increases safety in road traffic. &nbsp; Many current bicycle models, whether with or without electric assistance, have a rather angular design. B\u00dcCHEL has picked up on this with the <em>Edge<\/em> LED rear light, which is equipped with quality LEDs. The light is mounted on the luggage carrier (mounting width 50 or 80 mm) and integrates seamlessly into the visual appearance of modern bicycles.<\/p>\n<p>[\/vc_column_text][vc_column_text css=&#8221;.vc_custom_1699620234756{margin-bottom: 10px !important;padding-top: 10px !important;padding-right: 10px !important;padding-bottom: 10px !important;padding-left: 10px !important;background-color: #c5d7e4 !important;border-radius: 5px !important;}&#8221;]<strong>Features<\/strong><\/p>\n<p>&nbsp;<\/p>\n<div class=\"accordion_content ui-accordion-content ui-helper-reset ui-widget-content ui-corner-bottom ui-accordion-content-active\">\n<div class=\"accordion_content_inner\">\n<div class=\"wpb_text_column wpb_content_element features\">\n<div class=\"wpb_wrapper\">\n<p>&gt;&gt; up to 6 LEDs &gt;&gt; Brake light function StopTech &gt;&gt; Emergency brake indicator &gt;&gt; Mounting width 50 or 80 mm &gt;&gt; Dynamo or e-bike operation &gt;&gt; Stand light function &gt;&gt; Integrated Z-reflector &gt;&gt; Approved for Germany <\/p><\/div>\n<\/div>\n<\/div>\n<\/div>\n<p>[\/vc_column_text][vc_gallery type=&#8221;image_grid&#8221; images=&#8221;3181,3182,3096,3155,3161,3097&#8243; img_size=&#8221;medium&#8221; onclick=&#8221;&#8221; column_number=&#8221;0&#8243; grayscale=&#8221;no&#8221; space_between_images=&#8221;yes&#8221; css=&#8221;.vc_custom_1593523083063{padding-right: 0px !important;}&#8221;][vc_empty_space][vc_video link=&#8221;https:\/\/youtu.be\/NGzOIavUd_0?t=34&#8243;][vc_empty_space]<a href=\"https:\/\/buechel-online.com\/wp-content\/uploads\/2020\/12\/Manual_Edge-Stoptech_E-Bike_2020-04-DE-02.pdf\" target=\"_blank\" data-hover-background-color=#1f3c7d data-hover-border-color=#1f3c7d data-hover-color=#ffffff class=\"qbutton  medium\" style=\"color: #1f3c7d; border-color: #1f3c7d; border-radius: 4px;-moz-border-radius: 4px;-webkit-border-radius: 4px; background-color: #ffffff;\">Bedienungsanleitung E-Bike \u2193<\/a><a href=\"https:\/\/buechel-online.com\/wp-content\/uploads\/2020\/12\/Manual_Edge_Dynamo_2020-04-DE-02.pdf\" target=\"_blank\" data-hover-background-color=#1f3c7d data-hover-border-color=#1f3c7d data-hover-color=#ffffff class=\"qbutton  medium\" style=\"color: #1f3c7d; border-color: #1f3c7d; border-radius: 4px;-moz-border-radius: 4px;-webkit-border-radius: 4px; background-color: #ffffff;\">Bedienungsanleitung Dynamo \u2193<\/a>[vc_empty_space][vc_column_text]\n<table id=\"tablepress-16\" class=\"tablepress tablepress-id-16\">\n<thead>\n<tr class=\"row-1\">\n\t<th class=\"column-1\">Version<\/th><th class=\"column-2\">Art.-Nr.  OEM<\/th><th class=\"column-3\">Art.-Nr. AM<\/th>\n<\/tr>\n<\/thead>\n<tbody class=\"row-striping row-hover\">\n<tr class=\"row-2\">\n\t<td class=\"column-1\">LED-Gep\u00e4cktr\u00e4ger-R\u00fccklicht \u201cEdge\u201d mit 6 LEDs mit Notbremslicht-funktion f\u00fcr E-Bike 6-40 V,<\/td><td class=\"column-2\"><\/td><td class=\"column-3\">51254661<\/td>\n<\/tr>\n<tr class=\"row-3\">\n\t<td class=\"column-1\">LED-Gep\u00e4cktr\u00e4ger-R\u00fccklicht \u201cEdge\u201d mit 6 LEDs mit Notbremslicht-funktion f\u00fcr E-Bike 6-40 V,<\/td><td class=\"column-2\">51254660<\/td><td class=\"column-3\"><\/td>\n<\/tr>\n<tr class=\"row-4\">\n\t<td class=\"column-1\">LED-Gep\u00e4cktr\u00e4ger-R\u00fccklicht \u201cEdge\u201d mit 2 LEDs f\u00fcr E-Bike 6-48 V, Montageweite 50 mm, Box<\/td><td class=\"column-2\"><\/td><td class=\"column-3\">51254638<\/td>\n<\/tr>\n<tr class=\"row-5\">\n\t<td class=\"column-1\">Dynamo R\u00fccklicht Edge mit Standlicht SA 50mm Box<\/td><td class=\"column-2\"><\/td><td class=\"column-3\">51254637<\/td>\n<\/tr>\n<tr class=\"row-6\">\n\t<td class=\"column-1\">LED-Gep\u00e4cktr\u00e4ger-R\u00fccklicht \u201cEdge\u201d mit 4 LEDs mit Bremslichtfunktion f\u00fcr E-Bike 6-40 V,<\/td><td class=\"column-2\"><\/td><td class=\"column-3\">51254633<\/td>\n<\/tr>\n<tr class=\"row-7\">\n\t<td class=\"column-1\">LED-Gep\u00e4cktr\u00e4ger-R\u00fccklicht \u201cEdge\u201d mit 4 LEDs mit Bremslichtfunktion f\u00fcr E-Bike 6-40 V,<\/td><td class=\"column-2\">51254632<\/td><td class=\"column-3\"><\/td>\n<\/tr>\n<tr class=\"row-8\">\n\t<td class=\"column-1\">Dynamo R\u00fccklicht Edge mit Standlicht SA 50mm OEM<\/td><td class=\"column-2\">51254631<\/td><td class=\"column-3\"><\/td>\n<\/tr>\n<tr class=\"row-9\">\n\t<td class=\"column-1\">LED-Gep\u00e4cktr\u00e4ger-R\u00fccklicht \u201cEdge\u201d mit 2 LEDs f\u00fcr E-Bike 6-48 V, Montageweite 50 mm<\/td><td class=\"column-2\">51254523<\/td><td class=\"column-3\"><\/td>\n<\/tr>\n<\/tbody>\n<\/table>\n<!-- #tablepress-16 from cache -->[\/vc_column_text][\/vc_column][\/vc_row][vc_row row_type=&#8221;row&#8221; use_row_as_full_screen_section=&#8221;yes&#8221; type=&#8221;grid&#8221; text_align=&#8221;left&#8221; background_animation=&#8221;none&#8221; css_animation=&#8221;&#8221; css=&#8221;.vc_custom_1583763940889{margin-top: 60px !important;margin-bottom: 20px !important;}&#8221;][vc_column][vc_separator type=&#8221;normal&#8221; border_style=&#8221;&#8221; color=&#8221;#1f3c7d&#8221;][vc_column_text]<\/p>\n<div class=\"text-vertikal\">\n<h2 class=\"flaeche-produkte\"><\/h2>\n<\/div>\n<div class=\"text-vertikal\">\n<h2 class=\"headline-vertikal\">more products<\/h2>\n<\/div>\n<p>[\/vc_column_text][\/vc_column][\/vc_row][vc_row row_type=&#8221;row&#8221; use_row_as_full_screen_section=&#8221;no&#8221; type=&#8221;grid&#8221; text_align=&#8221;left&#8221; background_animation=&#8221;none&#8221; css_animation=&#8221;&#8221; css=&#8221;.vc_custom_1583763856173{padding-bottom: 80px !important;background-position: center !important;background-repeat: no-repeat !important;background-size: cover !important;}&#8221;][vc_column][vc_row_inner row_type=&#8221;row&#8221; type=&#8221;full_width&#8221; use_row_as_full_screen_section_slide=&#8221;no&#8221; text_align=&#8221;left&#8221; css_animation=&#8221;&#8221;][vc_column_inner width=&#8221;1\/5&#8243;][vc_column_text]<\/p>\n<div class=\"kacheln\"><a class=\"leistungen\" href=\"https:\/\/buechel-online.com\/en\/bicycle-lighting\/\"><br \/>\n<label id=\"text-leistungen-beleuchtung\">Lighting<\/label><br \/>\n<\/a><\/div>\n<p>[\/vc_column_text][\/vc_column_inner][vc_column_inner width=&#8221;1\/5&#8243;][vc_column_text]<\/p>\n<div class=\"kacheln\"><a class=\"leistungen\" href=\"https:\/\/buechel-online.com\/en\/carrier\/\"><br \/>\n<label id=\"text-leistungen-gepaecktraeger\">Carrier<\/label><br \/>\n<\/a><\/div>\n<p>[\/vc_column_text][\/vc_column_inner][vc_column_inner width=&#8221;1\/5&#8243;][vc_column_text]<\/p>\n<div class=\"kacheln\"><a class=\"leistungen\" href=\"https:\/\/buechel-online.com\/en\/mudguards\/\"><br \/>\n<label id=\"text-leistungen-radschuetzer\">Mudguards<\/label><br \/>\n<\/a><\/div>\n<p>[\/vc_column_text][\/vc_column_inner][vc_column_inner width=&#8221;1\/5&#8243;][vc_column_text]<\/p>\n<div class=\"kacheln\"><a class=\"leistungen\" href=\"https:\/\/buechel-online.com\/en\/?page_id=11583\"><br \/>\n<label id=\"text-leistungen-antrieb\">Grips<\/label><br \/>\n<\/a><\/div>\n<p>[\/vc_column_text][\/vc_column_inner][vc_column_inner width=&#8221;1\/5&#8243;][vc_column_text]<\/p>\n<div class=\"kacheln\"><a class=\"leistungen\" href=\"https:\/\/buechel-online.com\/en\/accessories\/\"><br \/>\n<label id=\"text-leistungen-zubehoer\">Accessories<\/label><br \/>\n<\/a><\/div>\n<p>[\/vc_column_text][\/vc_column_inner][\/vc_row_inner][vc_row_inner row_type=&#8221;row&#8221; type=&#8221;full_width&#8221; use_row_as_full_screen_section_slide=&#8221;no&#8221; text_align=&#8221;left&#8221; css_animation=&#8221;&#8221; css=&#8221;.vc_custom_1583325668044{padding-top: 20px !important;}&#8221;][vc_column_inner width=&#8221;1\/5&#8243;][vc_column_text]<\/p>\n<div class=\"kacheln\"><a class=\"leistungen\" href=\"https:\/\/buechel-online.com\/en\/spokes-nipples\/\"><br \/>\n<label id=\"text-leistungen-speichen\">Spokes<\/label><br \/>\n<\/a><\/div>\n<p>[\/vc_column_text][\/vc_column_inner][vc_column_inner width=&#8221;1\/5&#8243;][vc_column_text]<\/p>\n<div class=\"kacheln\"><a class=\"leistungen\" href=\"https:\/\/buechel-online.com\/en\/vuelta-wheels-rims\/wheels\/\"><br \/>\n<label id=\"text-leistungen-laufraeder\">Wheels<\/label><br \/>\n<\/a><\/div>\n<p>[\/vc_column_text][\/vc_column_inner][vc_column_inner width=&#8221;1\/5&#8243;][vc_column_text]<\/p>\n<div class=\"kacheln\"><a class=\"leistungen\" href=\"https:\/\/buechel-online.com\/en\/vuelta-wheels-rims\/rims\/\"><br \/>\n<label id=\"text-leistungen-felgen\">Rims<\/label><br \/>\n<\/a><\/div>\n<p>[\/vc_column_text][\/vc_column_inner][vc_column_inner width=&#8221;1\/5&#8243;][vc_column_text]<\/p>\n<div class=\"kacheln\"><a class=\"leistungen\" href=\"https:\/\/buechel-online.com\/en\/wittkop-saddles\/\"><br \/>\n<label id=\"text-leistungen-sattel\">Saddles<\/label><br \/>\n<\/a><\/div>\n<p>[\/vc_column_text][\/vc_column_inner][vc_column_inner width=&#8221;1\/5&#8243;][vc_column_text]<\/p>\n<div class=\"kacheln\"><a class=\"leistungen\" href=\"https:\/\/buechel-online.com\/en\/sekura-bicycle-locks\/\"><br \/>\n<label id=\"text-leistungen-schloesser\">Locks<\/label><\/a><\/div>\n<p>[\/vc_column_text][\/vc_column_inner][\/vc_row_inner][\/vc_column][\/vc_row]<\/p>\n","protected":false},"excerpt":{"rendered":"<p>[vc_row row_type=&#8221;row&#8221; use_row_as_full_screen_section=&#8221;yes&#8221; type=&#8221;grid&#8221; text_align=&#8221;left&#8221; background_animation=&#8221;none&#8221; css_animation=&#8221;&#8221; css=&#8221;.vc_custom_1583763812669{margin-bottom: 20px !important;}&#8221;][vc_column][vc_separator type=&#8221;normal&#8221; border_style=&#8221;&#8221; color=&#8221;#1f3c7d&#8221;][vc_column_text] Edge [\/vc_column_text][\/vc_column][\/vc_row][vc_row row_type=&#8221;row&#8221; use_row_as_full_screen_section=&#8221;no&#8221; type=&#8221;grid&#8221; text_align=&#8221;left&#8221; background_animation=&#8221;none&#8221;&#8230;<\/p>\n","protected":false},"author":3,"featured_media":3183,"comment_status":"open","ping_status":"open","sticky":false,"template":"","format":"standard","meta":{"_acf_changed":false,"footnotes":""},"categories":[78,70],"tags":[],"class_list":["post-6097","post","type-post","status-publish","format-standard","has-post-thumbnail","hentry","category-e-bike-dynamo-rear-lights","category-lighting"],"acf":[],"yoast_head":"<!-- This site is optimized with the Yoast SEO plugin v27.5 - https:\/\/yoast.com\/product\/yoast-seo-wordpress\/ -->\n<title>Brake light and rear light for bicycles \/ e-bikes &quot;EDGE<\/title>\n<meta name=\"description\" content=\"The sensor-controlled brake light and rear light for bicycles \/ e-bikes &quot;EDGE&quot; makes cycling safer and not only at night, but also during the day.\" \/>\n<meta name=\"robots\" content=\"index, follow, max-snippet:-1, max-image-preview:large, max-video-preview:-1\" \/>\n<link rel=\"canonical\" href=\"https:\/\/buechel-online.com\/en\/edge\/\" \/>\n<meta property=\"og:locale\" content=\"en_US\" \/>\n<meta property=\"og:type\" content=\"article\" \/>\n<meta property=\"og:title\" content=\"Brake light and rear light for bicycles \/ e-bikes &quot;EDGE\" \/>\n<meta property=\"og:description\" content=\"The sensor-controlled brake light and rear light for bicycles \/ e-bikes &quot;EDGE&quot; makes cycling safer and not only at night, but also during the day.\" \/>\n<meta property=\"og:url\" content=\"https:\/\/buechel-online.com\/en\/edge\/\" \/>\n<meta property=\"og:site_name\" content=\"B\u00fcchel\" \/>\n<meta property=\"article:published_time\" content=\"2021-03-05T10:43:24+00:00\" \/>\n<meta property=\"article:modified_time\" content=\"2024-09-19T14:03:40+00:00\" \/>\n<meta property=\"og:image\" content=\"https:\/\/buechel-online.com\/wp-content\/uploads\/2020\/06\/edge.jpg\" \/>\n\t<meta property=\"og:image:width\" content=\"1200\" \/>\n\t<meta property=\"og:image:height\" content=\"1200\" \/>\n\t<meta property=\"og:image:type\" content=\"image\/jpeg\" \/>\n<meta name=\"author\" content=\"Uwe Ruppel\" \/>\n<meta name=\"twitter:card\" content=\"summary_large_image\" \/>\n<meta name=\"twitter:label1\" content=\"Written by\" \/>\n\t<meta name=\"twitter:data1\" content=\"Uwe Ruppel\" \/>\n\t<meta name=\"twitter:label2\" content=\"Est. reading time\" \/>\n\t<meta name=\"twitter:data2\" content=\"2 minutes\" \/>\n<script type=\"application\/ld+json\" class=\"yoast-schema-graph\">{\"@context\":\"https:\\\/\\\/schema.org\",\"@graph\":[{\"@type\":\"Article\",\"@id\":\"https:\\\/\\\/buechel-online.com\\\/en\\\/edge\\\/#article\",\"isPartOf\":{\"@id\":\"https:\\\/\\\/buechel-online.com\\\/en\\\/edge\\\/\"},\"author\":{\"name\":\"Uwe Ruppel\",\"@id\":\"https:\\\/\\\/buechel-online.com\\\/en\\\/#\\\/schema\\\/person\\\/97664ffb6ffdef48be3f98d35d2c288b\"},\"headline\":\"Edge\",\"datePublished\":\"2021-03-05T10:43:24+00:00\",\"dateModified\":\"2024-09-19T14:03:40+00:00\",\"mainEntityOfPage\":{\"@id\":\"https:\\\/\\\/buechel-online.com\\\/en\\\/edge\\\/\"},\"wordCount\":849,\"commentCount\":0,\"image\":{\"@id\":\"https:\\\/\\\/buechel-online.com\\\/en\\\/edge\\\/#primaryimage\"},\"thumbnailUrl\":\"https:\\\/\\\/buechel-online.com\\\/wp-content\\\/uploads\\\/2020\\\/06\\\/edge.jpg\",\"articleSection\":[\"E-Bike \\\/ dynamo rear lights\",\"Lighting\"],\"inLanguage\":\"en-US\",\"potentialAction\":[{\"@type\":\"CommentAction\",\"name\":\"Comment\",\"target\":[\"https:\\\/\\\/buechel-online.com\\\/en\\\/edge\\\/#respond\"]}]},{\"@type\":\"WebPage\",\"@id\":\"https:\\\/\\\/buechel-online.com\\\/en\\\/edge\\\/\",\"url\":\"https:\\\/\\\/buechel-online.com\\\/en\\\/edge\\\/\",\"name\":\"Brake light and rear light for bicycles \\\/ e-bikes \\\"EDGE\",\"isPartOf\":{\"@id\":\"https:\\\/\\\/buechel-online.com\\\/en\\\/#website\"},\"primaryImageOfPage\":{\"@id\":\"https:\\\/\\\/buechel-online.com\\\/en\\\/edge\\\/#primaryimage\"},\"image\":{\"@id\":\"https:\\\/\\\/buechel-online.com\\\/en\\\/edge\\\/#primaryimage\"},\"thumbnailUrl\":\"https:\\\/\\\/buechel-online.com\\\/wp-content\\\/uploads\\\/2020\\\/06\\\/edge.jpg\",\"datePublished\":\"2021-03-05T10:43:24+00:00\",\"dateModified\":\"2024-09-19T14:03:40+00:00\",\"author\":{\"@id\":\"https:\\\/\\\/buechel-online.com\\\/en\\\/#\\\/schema\\\/person\\\/97664ffb6ffdef48be3f98d35d2c288b\"},\"description\":\"The sensor-controlled brake light and rear light for bicycles \\\/ e-bikes \\\"EDGE\\\" makes cycling safer and not only at night, but also during the day.\",\"breadcrumb\":{\"@id\":\"https:\\\/\\\/buechel-online.com\\\/en\\\/edge\\\/#breadcrumb\"},\"inLanguage\":\"en-US\",\"potentialAction\":[{\"@type\":\"ReadAction\",\"target\":[\"https:\\\/\\\/buechel-online.com\\\/en\\\/edge\\\/\"]}]},{\"@type\":\"ImageObject\",\"inLanguage\":\"en-US\",\"@id\":\"https:\\\/\\\/buechel-online.com\\\/en\\\/edge\\\/#primaryimage\",\"url\":\"https:\\\/\\\/buechel-online.com\\\/wp-content\\\/uploads\\\/2020\\\/06\\\/edge.jpg\",\"contentUrl\":\"https:\\\/\\\/buechel-online.com\\\/wp-content\\\/uploads\\\/2020\\\/06\\\/edge.jpg\",\"width\":1200,\"height\":1200,\"caption\":\"Rearlight \\\"EDGE\\\"\"},{\"@type\":\"BreadcrumbList\",\"@id\":\"https:\\\/\\\/buechel-online.com\\\/en\\\/edge\\\/#breadcrumb\",\"itemListElement\":[{\"@type\":\"ListItem\",\"position\":1,\"name\":\"Startseite\",\"item\":\"https:\\\/\\\/buechel-online.com\\\/en\\\/\"},{\"@type\":\"ListItem\",\"position\":2,\"name\":\"Edge\"}]},{\"@type\":\"WebSite\",\"@id\":\"https:\\\/\\\/buechel-online.com\\\/en\\\/#website\",\"url\":\"https:\\\/\\\/buechel-online.com\\\/en\\\/\",\"name\":\"B\u00fcchel\",\"description\":\"Ihr produzierender Fahrradteilehersteller\",\"potentialAction\":[{\"@type\":\"SearchAction\",\"target\":{\"@type\":\"EntryPoint\",\"urlTemplate\":\"https:\\\/\\\/buechel-online.com\\\/en\\\/?s={search_term_string}\"},\"query-input\":{\"@type\":\"PropertyValueSpecification\",\"valueRequired\":true,\"valueName\":\"search_term_string\"}}],\"inLanguage\":\"en-US\"},{\"@type\":\"Person\",\"@id\":\"https:\\\/\\\/buechel-online.com\\\/en\\\/#\\\/schema\\\/person\\\/97664ffb6ffdef48be3f98d35d2c288b\",\"name\":\"Uwe Ruppel\",\"image\":{\"@type\":\"ImageObject\",\"inLanguage\":\"en-US\",\"@id\":\"https:\\\/\\\/secure.gravatar.com\\\/avatar\\\/5ba32e8b70f926a293286c98131f9e8ebe640eb9a162ad9399da3092792b12c3?s=96&d=mm&r=g\",\"url\":\"https:\\\/\\\/secure.gravatar.com\\\/avatar\\\/5ba32e8b70f926a293286c98131f9e8ebe640eb9a162ad9399da3092792b12c3?s=96&d=mm&r=g\",\"contentUrl\":\"https:\\\/\\\/secure.gravatar.com\\\/avatar\\\/5ba32e8b70f926a293286c98131f9e8ebe640eb9a162ad9399da3092792b12c3?s=96&d=mm&r=g\",\"caption\":\"Uwe Ruppel\"},\"url\":\"https:\\\/\\\/buechel-online.com\\\/en\\\/author\\\/uwe-ruppel\\\/\"}]}<\/script>\n<!-- \/ Yoast SEO plugin. -->","yoast_head_json":{"title":"Brake light and rear light for bicycles \/ e-bikes \"EDGE","description":"The sensor-controlled brake light and rear light for bicycles \/ e-bikes \"EDGE\" makes cycling safer and not only at night, but also during the day.","robots":{"index":"index","follow":"follow","max-snippet":"max-snippet:-1","max-image-preview":"max-image-preview:large","max-video-preview":"max-video-preview:-1"},"canonical":"https:\/\/buechel-online.com\/en\/edge\/","og_locale":"en_US","og_type":"article","og_title":"Brake light and rear light for bicycles \/ e-bikes \"EDGE","og_description":"The sensor-controlled brake light and rear light for bicycles \/ e-bikes \"EDGE\" makes cycling safer and not only at night, but also during the day.","og_url":"https:\/\/buechel-online.com\/en\/edge\/","og_site_name":"B\u00fcchel","article_published_time":"2021-03-05T10:43:24+00:00","article_modified_time":"2024-09-19T14:03:40+00:00","og_image":[{"width":1200,"height":1200,"url":"https:\/\/buechel-online.com\/wp-content\/uploads\/2020\/06\/edge.jpg","type":"image\/jpeg"}],"author":"Uwe Ruppel","twitter_card":"summary_large_image","twitter_misc":{"Written by":"Uwe Ruppel","Est. reading time":"2 minutes"},"schema":{"@context":"https:\/\/schema.org","@graph":[{"@type":"Article","@id":"https:\/\/buechel-online.com\/en\/edge\/#article","isPartOf":{"@id":"https:\/\/buechel-online.com\/en\/edge\/"},"author":{"name":"Uwe Ruppel","@id":"https:\/\/buechel-online.com\/en\/#\/schema\/person\/97664ffb6ffdef48be3f98d35d2c288b"},"headline":"Edge","datePublished":"2021-03-05T10:43:24+00:00","dateModified":"2024-09-19T14:03:40+00:00","mainEntityOfPage":{"@id":"https:\/\/buechel-online.com\/en\/edge\/"},"wordCount":849,"commentCount":0,"image":{"@id":"https:\/\/buechel-online.com\/en\/edge\/#primaryimage"},"thumbnailUrl":"https:\/\/buechel-online.com\/wp-content\/uploads\/2020\/06\/edge.jpg","articleSection":["E-Bike \/ dynamo rear lights","Lighting"],"inLanguage":"en-US","potentialAction":[{"@type":"CommentAction","name":"Comment","target":["https:\/\/buechel-online.com\/en\/edge\/#respond"]}]},{"@type":"WebPage","@id":"https:\/\/buechel-online.com\/en\/edge\/","url":"https:\/\/buechel-online.com\/en\/edge\/","name":"Brake light and rear light for bicycles \/ e-bikes \"EDGE","isPartOf":{"@id":"https:\/\/buechel-online.com\/en\/#website"},"primaryImageOfPage":{"@id":"https:\/\/buechel-online.com\/en\/edge\/#primaryimage"},"image":{"@id":"https:\/\/buechel-online.com\/en\/edge\/#primaryimage"},"thumbnailUrl":"https:\/\/buechel-online.com\/wp-content\/uploads\/2020\/06\/edge.jpg","datePublished":"2021-03-05T10:43:24+00:00","dateModified":"2024-09-19T14:03:40+00:00","author":{"@id":"https:\/\/buechel-online.com\/en\/#\/schema\/person\/97664ffb6ffdef48be3f98d35d2c288b"},"description":"The sensor-controlled brake light and rear light for bicycles \/ e-bikes \"EDGE\" makes cycling safer and not only at night, but also during the day.","breadcrumb":{"@id":"https:\/\/buechel-online.com\/en\/edge\/#breadcrumb"},"inLanguage":"en-US","potentialAction":[{"@type":"ReadAction","target":["https:\/\/buechel-online.com\/en\/edge\/"]}]},{"@type":"ImageObject","inLanguage":"en-US","@id":"https:\/\/buechel-online.com\/en\/edge\/#primaryimage","url":"https:\/\/buechel-online.com\/wp-content\/uploads\/2020\/06\/edge.jpg","contentUrl":"https:\/\/buechel-online.com\/wp-content\/uploads\/2020\/06\/edge.jpg","width":1200,"height":1200,"caption":"Rearlight \"EDGE\""},{"@type":"BreadcrumbList","@id":"https:\/\/buechel-online.com\/en\/edge\/#breadcrumb","itemListElement":[{"@type":"ListItem","position":1,"name":"Startseite","item":"https:\/\/buechel-online.com\/en\/"},{"@type":"ListItem","position":2,"name":"Edge"}]},{"@type":"WebSite","@id":"https:\/\/buechel-online.com\/en\/#website","url":"https:\/\/buechel-online.com\/en\/","name":"B\u00fcchel","description":"Ihr produzierender Fahrradteilehersteller","potentialAction":[{"@type":"SearchAction","target":{"@type":"EntryPoint","urlTemplate":"https:\/\/buechel-online.com\/en\/?s={search_term_string}"},"query-input":{"@type":"PropertyValueSpecification","valueRequired":true,"valueName":"search_term_string"}}],"inLanguage":"en-US"},{"@type":"Person","@id":"https:\/\/buechel-online.com\/en\/#\/schema\/person\/97664ffb6ffdef48be3f98d35d2c288b","name":"Uwe Ruppel","image":{"@type":"ImageObject","inLanguage":"en-US","@id":"https:\/\/secure.gravatar.com\/avatar\/5ba32e8b70f926a293286c98131f9e8ebe640eb9a162ad9399da3092792b12c3?s=96&d=mm&r=g","url":"https:\/\/secure.gravatar.com\/avatar\/5ba32e8b70f926a293286c98131f9e8ebe640eb9a162ad9399da3092792b12c3?s=96&d=mm&r=g","contentUrl":"https:\/\/secure.gravatar.com\/avatar\/5ba32e8b70f926a293286c98131f9e8ebe640eb9a162ad9399da3092792b12c3?s=96&d=mm&r=g","caption":"Uwe Ruppel"},"url":"https:\/\/buechel-online.com\/en\/author\/uwe-ruppel\/"}]}},"_links":{"self":[{"href":"https:\/\/buechel-online.com\/en\/wp-json\/wp\/v2\/posts\/6097","targetHints":{"allow":["GET"]}}],"collection":[{"href":"https:\/\/buechel-online.com\/en\/wp-json\/wp\/v2\/posts"}],"about":[{"href":"https:\/\/buechel-online.com\/en\/wp-json\/wp\/v2\/types\/post"}],"author":[{"embeddable":true,"href":"https:\/\/buechel-online.com\/en\/wp-json\/wp\/v2\/users\/3"}],"replies":[{"embeddable":true,"href":"https:\/\/buechel-online.com\/en\/wp-json\/wp\/v2\/comments?post=6097"}],"version-history":[{"count":13,"href":"https:\/\/buechel-online.com\/en\/wp-json\/wp\/v2\/posts\/6097\/revisions"}],"predecessor-version":[{"id":11002,"href":"https:\/\/buechel-online.com\/en\/wp-json\/wp\/v2\/posts\/6097\/revisions\/11002"}],"wp:featuredmedia":[{"embeddable":true,"href":"https:\/\/buechel-online.com\/en\/wp-json\/wp\/v2\/media\/3183"}],"wp:attachment":[{"href":"https:\/\/buechel-online.com\/en\/wp-json\/wp\/v2\/media?parent=6097"}],"wp:term":[{"taxonomy":"category","embeddable":true,"href":"https:\/\/buechel-online.com\/en\/wp-json\/wp\/v2\/categories?post=6097"},{"taxonomy":"post_tag","embeddable":true,"href":"https:\/\/buechel-online.com\/en\/wp-json\/wp\/v2\/tags?post=6097"}],"curies":[{"name":"wp","href":"https:\/\/api.w.org\/{rel}","templated":true}]}}