{"id":3988,"date":"2020-11-09T09:32:45","date_gmt":"2020-11-09T08:32:45","guid":{"rendered":"https:\/\/buechel-online.com\/100-years-buechel\/"},"modified":"2021-03-16T09:19:09","modified_gmt":"2021-03-16T08:19:09","slug":"100-years-buechel","status":"publish","type":"post","link":"https:\/\/buechel-online.com\/en\/100-years-buechel\/","title":{"rendered":"100 years of B\u00fcchel"},"content":{"rendered":"<p>[vc_row row_type=&#8221;row&#8221; use_row_as_full_screen_section=&#8221;no&#8221; type=&#8221;full_width&#8221; text_align=&#8221;left&#8221; background_animation=&#8221;none&#8221; css_animation=&#8221;&#8221;][vc_column][vc_column_text]<\/p>\r\n<h2 class=\"has-text-align-center\">100 years of B\u00fcchel<\/h2>\r\n<p>&nbsp;<\/p>\r\n\r\n<p>\u00a0<\/p>\r\n\r\n<div class=\"wp-block-columns is-layout-flex wp-container-core-columns-is-layout-9d6595d7 wp-block-columns-is-layout-flex\">\r\n<div class=\"wp-block-column is-layout-flow wp-block-column-is-layout-flow\">\r\n<figure class=\"wp-block-image size-large\"><a href=\"https:\/\/youtu.be\/3ewIg9B5yYM\" target=\"_blank\" rel=\"noreferrer noopener\"><img loading=\"lazy\" decoding=\"async\" width=\"1024\" height=\"574\" class=\"wp-image-3610\" src=\"https:\/\/buechel-online.com\/wp-content\/uploads\/2020\/11\/Screenshot-100-Jahre-D-1024x574.jpg\" alt=\"\" srcset=\"https:\/\/buechel-online.com\/wp-content\/uploads\/2020\/11\/Screenshot-100-Jahre-D-1024x574.jpg 1024w, https:\/\/buechel-online.com\/wp-content\/uploads\/2020\/11\/Screenshot-100-Jahre-D-300x168.jpg 300w, https:\/\/buechel-online.com\/wp-content\/uploads\/2020\/11\/Screenshot-100-Jahre-D-768x430.jpg 768w, https:\/\/buechel-online.com\/wp-content\/uploads\/2020\/11\/Screenshot-100-Jahre-D-1536x861.jpg 1536w, https:\/\/buechel-online.com\/wp-content\/uploads\/2020\/11\/Screenshot-100-Jahre-D-700x392.jpg 700w, https:\/\/buechel-online.com\/wp-content\/uploads\/2020\/11\/Screenshot-100-Jahre-D-1100x616.jpg 1100w, https:\/\/buechel-online.com\/wp-content\/uploads\/2020\/11\/Screenshot-100-Jahre-D.jpg 1888w\" sizes=\"auto, (max-width: 1024px) 100vw, 1024px\" \/><\/a><\/figure>\r\n<\/div>\r\n\r\n\r\n\r\n<div class=\"wp-block-column is-layout-flow wp-block-column-is-layout-flow\">\r\n<p>Our moving history in moving pictures.<\/p>\r\n<p>&nbsp;<\/p>\r\n\r\n<p>1920. The Peace Treaty of Versailles comes into force. The state of Thuringia is created. And it is in this very country, in the town of Zella-Mehlis, that the brothers Hugo and Karl B\u00fcchel found their company. Tuning forks and toolboxes are initially manufactured there, followed a little later by bicycle parts, especially pedals and hubs.<\/p>\r\n<p>&nbsp;<\/p>\r\n\r\n<p>2020. B\u00fcchel manufactures vehicle parts not only in Zella-Mehlis, but at 4 other locations in Germany, 2 in China and one in India. The focus of production today is on LED bicycle lighting, spokes and nipples, wheel guards and luggage carriers. In addition to the B\u00dcCHEL brand, 4 other brands belong to the company: VUELTA and EXAL (rims and wheels), WITTKOP (bicycle saddles) and SEKURA (bicycle locks). We have even made a name for ourselves as a supplier to the automotive industry.<\/p>\r\n<p>&nbsp;<\/p>\r\n\r\n<p>In between lie 100 eventful years. Years of research, development, growth and success. But also years full of fateful setbacks &#8211; which then only spurred us on all the more to look forward again.<\/p>\r\n<p>&nbsp;<\/p>\r\n<p>This short film gives an insight into our eventful history.<\/p>\r\n<p>&nbsp;<\/p>\r\n<p><a href=\"https:\/\/buechel-online.com\/en\/buechel-group\/#unternehmensgeschichte\">Company history<\/a><\/p>\r\n<\/div>\r\n<\/div>\r\n<p>[\/vc_column_text][vc_empty_space][\/vc_column][\/vc_row][vc_row row_type=&#8221;row&#8221; use_row_as_full_screen_section=&#8221;no&#8221; type=&#8221;full_width&#8221; text_align=&#8221;right&#8221; background_animation=&#8221;none&#8221; css_animation=&#8221;&#8221;][vc_column]<a href=\"https:\/\/youtu.be\/3ewIg9B5yYM\" target=\"_blank\"  class=\"qbutton \" style=\"\">watch video<\/a>[\/vc_column][\/vc_row]<\/p>","protected":false},"excerpt":{"rendered":"<p>[vc_row row_type=&#8221;row&#8221; use_row_as_full_screen_section=&#8221;no&#8221; type=&#8221;full_width&#8221; text_align=&#8221;left&#8221; background_animation=&#8221;none&#8221; css_animation=&#8221;&#8221;][vc_column][vc_column_text] 100 years of B\u00fcchel &nbsp; \u00a0<\/p>\n","protected":false},"author":3,"featured_media":3610,"comment_status":"open","ping_status":"open","sticky":false,"template":"","format":"standard","meta":{"_acf_changed":false,"footnotes":""},"categories":[65],"tags":[],"class_list":["post-3988","post","type-post","status-publish","format-standard","has-post-thumbnail","hentry","category-news-en"],"acf":[],"yoast_head":"<!-- This site is optimized with the Yoast SEO plugin v27.5 - https:\/\/yoast.com\/product\/yoast-seo-wordpress\/ -->\n<title>100 years of B\u00fcchel - B\u00fcchel<\/title>\n<meta name=\"description\" content=\"100 years of B\u00fcchel - The history of a German-German family business from 1920 to 2020. That&#039;s 100 eventful years. Years of research, development, growth and success. But also years full of fateful setbacks - which then only spurred us on all the more to look forward again.\" \/>\n<meta name=\"robots\" content=\"index, follow, max-snippet:-1, max-image-preview:large, max-video-preview:-1\" \/>\n<link rel=\"canonical\" href=\"https:\/\/buechel-online.com\/en\/100-years-buechel\/\" \/>\n<meta property=\"og:locale\" content=\"en_US\" \/>\n<meta property=\"og:type\" content=\"article\" \/>\n<meta property=\"og:title\" content=\"100 years of B\u00fcchel - B\u00fcchel\" \/>\n<meta property=\"og:description\" content=\"100 years of B\u00fcchel - The history of a German-German family business from 1920 to 2020. That&#039;s 100 eventful years. Years of research, development, growth and success. But also years full of fateful setbacks - which then only spurred us on all the more to look forward again.\" \/>\n<meta property=\"og:url\" content=\"https:\/\/buechel-online.com\/en\/100-years-buechel\/\" \/>\n<meta property=\"og:site_name\" content=\"B\u00fcchel\" \/>\n<meta property=\"article:published_time\" content=\"2020-11-09T08:32:45+00:00\" \/>\n<meta property=\"article:modified_time\" content=\"2021-03-16T08:19:09+00:00\" \/>\n<meta property=\"og:image\" content=\"https:\/\/buechel-online.com\/wp-content\/uploads\/2020\/11\/Screenshot-100-Jahre-D.jpg\" \/>\n\t<meta property=\"og:image:width\" content=\"1888\" \/>\n\t<meta property=\"og:image:height\" content=\"1058\" \/>\n\t<meta property=\"og:image:type\" content=\"image\/jpeg\" \/>\n<meta name=\"author\" content=\"Uwe Ruppel\" \/>\n<meta name=\"twitter:card\" content=\"summary_large_image\" \/>\n<meta name=\"twitter:label1\" content=\"Written by\" \/>\n\t<meta name=\"twitter:data1\" content=\"Uwe Ruppel\" \/>\n\t<meta name=\"twitter:label2\" content=\"Est. reading time\" \/>\n\t<meta name=\"twitter:data2\" content=\"2 minutes\" \/>\n<script type=\"application\/ld+json\" class=\"yoast-schema-graph\">{\"@context\":\"https:\\\/\\\/schema.org\",\"@graph\":[{\"@type\":\"Article\",\"@id\":\"https:\\\/\\\/buechel-online.com\\\/en\\\/100-years-buechel\\\/#article\",\"isPartOf\":{\"@id\":\"https:\\\/\\\/buechel-online.com\\\/en\\\/100-years-buechel\\\/\"},\"author\":{\"name\":\"Uwe Ruppel\",\"@id\":\"https:\\\/\\\/buechel-online.com\\\/en\\\/#\\\/schema\\\/person\\\/97664ffb6ffdef48be3f98d35d2c288b\"},\"headline\":\"100 years of B\u00fcchel\",\"datePublished\":\"2020-11-09T08:32:45+00:00\",\"dateModified\":\"2021-03-16T08:19:09+00:00\",\"mainEntityOfPage\":{\"@id\":\"https:\\\/\\\/buechel-online.com\\\/en\\\/100-years-buechel\\\/\"},\"wordCount\":283,\"commentCount\":0,\"image\":{\"@id\":\"https:\\\/\\\/buechel-online.com\\\/en\\\/100-years-buechel\\\/#primaryimage\"},\"thumbnailUrl\":\"https:\\\/\\\/buechel-online.com\\\/wp-content\\\/uploads\\\/2020\\\/11\\\/Screenshot-100-Jahre-D.jpg\",\"articleSection\":[\"News\"],\"inLanguage\":\"en-US\",\"potentialAction\":[{\"@type\":\"CommentAction\",\"name\":\"Comment\",\"target\":[\"https:\\\/\\\/buechel-online.com\\\/en\\\/100-years-buechel\\\/#respond\"]}]},{\"@type\":\"WebPage\",\"@id\":\"https:\\\/\\\/buechel-online.com\\\/en\\\/100-years-buechel\\\/\",\"url\":\"https:\\\/\\\/buechel-online.com\\\/en\\\/100-years-buechel\\\/\",\"name\":\"100 years of B\u00fcchel - B\u00fcchel\",\"isPartOf\":{\"@id\":\"https:\\\/\\\/buechel-online.com\\\/en\\\/#website\"},\"primaryImageOfPage\":{\"@id\":\"https:\\\/\\\/buechel-online.com\\\/en\\\/100-years-buechel\\\/#primaryimage\"},\"image\":{\"@id\":\"https:\\\/\\\/buechel-online.com\\\/en\\\/100-years-buechel\\\/#primaryimage\"},\"thumbnailUrl\":\"https:\\\/\\\/buechel-online.com\\\/wp-content\\\/uploads\\\/2020\\\/11\\\/Screenshot-100-Jahre-D.jpg\",\"datePublished\":\"2020-11-09T08:32:45+00:00\",\"dateModified\":\"2021-03-16T08:19:09+00:00\",\"author\":{\"@id\":\"https:\\\/\\\/buechel-online.com\\\/en\\\/#\\\/schema\\\/person\\\/97664ffb6ffdef48be3f98d35d2c288b\"},\"description\":\"100 years of B\u00fcchel - The history of a German-German family business from 1920 to 2020. That's 100 eventful years. Years of research, development, growth and success. But also years full of fateful setbacks - which then only spurred us on all the more to look forward again.\",\"breadcrumb\":{\"@id\":\"https:\\\/\\\/buechel-online.com\\\/en\\\/100-years-buechel\\\/#breadcrumb\"},\"inLanguage\":\"en-US\",\"potentialAction\":[{\"@type\":\"ReadAction\",\"target\":[\"https:\\\/\\\/buechel-online.com\\\/en\\\/100-years-buechel\\\/\"]}]},{\"@type\":\"ImageObject\",\"inLanguage\":\"en-US\",\"@id\":\"https:\\\/\\\/buechel-online.com\\\/en\\\/100-years-buechel\\\/#primaryimage\",\"url\":\"https:\\\/\\\/buechel-online.com\\\/wp-content\\\/uploads\\\/2020\\\/11\\\/Screenshot-100-Jahre-D.jpg\",\"contentUrl\":\"https:\\\/\\\/buechel-online.com\\\/wp-content\\\/uploads\\\/2020\\\/11\\\/Screenshot-100-Jahre-D.jpg\",\"width\":1888,\"height\":1058},{\"@type\":\"BreadcrumbList\",\"@id\":\"https:\\\/\\\/buechel-online.com\\\/en\\\/100-years-buechel\\\/#breadcrumb\",\"itemListElement\":[{\"@type\":\"ListItem\",\"position\":1,\"name\":\"Startseite\",\"item\":\"https:\\\/\\\/buechel-online.com\\\/en\\\/\"},{\"@type\":\"ListItem\",\"position\":2,\"name\":\"100 years of B\u00fcchel\"}]},{\"@type\":\"WebSite\",\"@id\":\"https:\\\/\\\/buechel-online.com\\\/en\\\/#website\",\"url\":\"https:\\\/\\\/buechel-online.com\\\/en\\\/\",\"name\":\"B\u00fcchel\",\"description\":\"Ihr produzierender Fahrradteilehersteller\",\"potentialAction\":[{\"@type\":\"SearchAction\",\"target\":{\"@type\":\"EntryPoint\",\"urlTemplate\":\"https:\\\/\\\/buechel-online.com\\\/en\\\/?s={search_term_string}\"},\"query-input\":{\"@type\":\"PropertyValueSpecification\",\"valueRequired\":true,\"valueName\":\"search_term_string\"}}],\"inLanguage\":\"en-US\"},{\"@type\":\"Person\",\"@id\":\"https:\\\/\\\/buechel-online.com\\\/en\\\/#\\\/schema\\\/person\\\/97664ffb6ffdef48be3f98d35d2c288b\",\"name\":\"Uwe Ruppel\",\"image\":{\"@type\":\"ImageObject\",\"inLanguage\":\"en-US\",\"@id\":\"https:\\\/\\\/secure.gravatar.com\\\/avatar\\\/5ba32e8b70f926a293286c98131f9e8ebe640eb9a162ad9399da3092792b12c3?s=96&d=mm&r=g\",\"url\":\"https:\\\/\\\/secure.gravatar.com\\\/avatar\\\/5ba32e8b70f926a293286c98131f9e8ebe640eb9a162ad9399da3092792b12c3?s=96&d=mm&r=g\",\"contentUrl\":\"https:\\\/\\\/secure.gravatar.com\\\/avatar\\\/5ba32e8b70f926a293286c98131f9e8ebe640eb9a162ad9399da3092792b12c3?s=96&d=mm&r=g\",\"caption\":\"Uwe Ruppel\"},\"url\":\"https:\\\/\\\/buechel-online.com\\\/en\\\/author\\\/uwe-ruppel\\\/\"}]}<\/script>\n<!-- \/ Yoast SEO plugin. -->","yoast_head_json":{"title":"100 years of B\u00fcchel - B\u00fcchel","description":"100 years of B\u00fcchel - The history of a German-German family business from 1920 to 2020. That's 100 eventful years. Years of research, development, growth and success. But also years full of fateful setbacks - which then only spurred us on all the more to look forward again.","robots":{"index":"index","follow":"follow","max-snippet":"max-snippet:-1","max-image-preview":"max-image-preview:large","max-video-preview":"max-video-preview:-1"},"canonical":"https:\/\/buechel-online.com\/en\/100-years-buechel\/","og_locale":"en_US","og_type":"article","og_title":"100 years of B\u00fcchel - B\u00fcchel","og_description":"100 years of B\u00fcchel - The history of a German-German family business from 1920 to 2020. That's 100 eventful years. Years of research, development, growth and success. But also years full of fateful setbacks - which then only spurred us on all the more to look forward again.","og_url":"https:\/\/buechel-online.com\/en\/100-years-buechel\/","og_site_name":"B\u00fcchel","article_published_time":"2020-11-09T08:32:45+00:00","article_modified_time":"2021-03-16T08:19:09+00:00","og_image":[{"width":1888,"height":1058,"url":"https:\/\/buechel-online.com\/wp-content\/uploads\/2020\/11\/Screenshot-100-Jahre-D.jpg","type":"image\/jpeg"}],"author":"Uwe Ruppel","twitter_card":"summary_large_image","twitter_misc":{"Written by":"Uwe Ruppel","Est. reading time":"2 minutes"},"schema":{"@context":"https:\/\/schema.org","@graph":[{"@type":"Article","@id":"https:\/\/buechel-online.com\/en\/100-years-buechel\/#article","isPartOf":{"@id":"https:\/\/buechel-online.com\/en\/100-years-buechel\/"},"author":{"name":"Uwe Ruppel","@id":"https:\/\/buechel-online.com\/en\/#\/schema\/person\/97664ffb6ffdef48be3f98d35d2c288b"},"headline":"100 years of B\u00fcchel","datePublished":"2020-11-09T08:32:45+00:00","dateModified":"2021-03-16T08:19:09+00:00","mainEntityOfPage":{"@id":"https:\/\/buechel-online.com\/en\/100-years-buechel\/"},"wordCount":283,"commentCount":0,"image":{"@id":"https:\/\/buechel-online.com\/en\/100-years-buechel\/#primaryimage"},"thumbnailUrl":"https:\/\/buechel-online.com\/wp-content\/uploads\/2020\/11\/Screenshot-100-Jahre-D.jpg","articleSection":["News"],"inLanguage":"en-US","potentialAction":[{"@type":"CommentAction","name":"Comment","target":["https:\/\/buechel-online.com\/en\/100-years-buechel\/#respond"]}]},{"@type":"WebPage","@id":"https:\/\/buechel-online.com\/en\/100-years-buechel\/","url":"https:\/\/buechel-online.com\/en\/100-years-buechel\/","name":"100 years of B\u00fcchel - B\u00fcchel","isPartOf":{"@id":"https:\/\/buechel-online.com\/en\/#website"},"primaryImageOfPage":{"@id":"https:\/\/buechel-online.com\/en\/100-years-buechel\/#primaryimage"},"image":{"@id":"https:\/\/buechel-online.com\/en\/100-years-buechel\/#primaryimage"},"thumbnailUrl":"https:\/\/buechel-online.com\/wp-content\/uploads\/2020\/11\/Screenshot-100-Jahre-D.jpg","datePublished":"2020-11-09T08:32:45+00:00","dateModified":"2021-03-16T08:19:09+00:00","author":{"@id":"https:\/\/buechel-online.com\/en\/#\/schema\/person\/97664ffb6ffdef48be3f98d35d2c288b"},"description":"100 years of B\u00fcchel - The history of a German-German family business from 1920 to 2020. That's 100 eventful years. Years of research, development, growth and success. But also years full of fateful setbacks - which then only spurred us on all the more to look forward again.","breadcrumb":{"@id":"https:\/\/buechel-online.com\/en\/100-years-buechel\/#breadcrumb"},"inLanguage":"en-US","potentialAction":[{"@type":"ReadAction","target":["https:\/\/buechel-online.com\/en\/100-years-buechel\/"]}]},{"@type":"ImageObject","inLanguage":"en-US","@id":"https:\/\/buechel-online.com\/en\/100-years-buechel\/#primaryimage","url":"https:\/\/buechel-online.com\/wp-content\/uploads\/2020\/11\/Screenshot-100-Jahre-D.jpg","contentUrl":"https:\/\/buechel-online.com\/wp-content\/uploads\/2020\/11\/Screenshot-100-Jahre-D.jpg","width":1888,"height":1058},{"@type":"BreadcrumbList","@id":"https:\/\/buechel-online.com\/en\/100-years-buechel\/#breadcrumb","itemListElement":[{"@type":"ListItem","position":1,"name":"Startseite","item":"https:\/\/buechel-online.com\/en\/"},{"@type":"ListItem","position":2,"name":"100 years of B\u00fcchel"}]},{"@type":"WebSite","@id":"https:\/\/buechel-online.com\/en\/#website","url":"https:\/\/buechel-online.com\/en\/","name":"B\u00fcchel","description":"Ihr produzierender Fahrradteilehersteller","potentialAction":[{"@type":"SearchAction","target":{"@type":"EntryPoint","urlTemplate":"https:\/\/buechel-online.com\/en\/?s={search_term_string}"},"query-input":{"@type":"PropertyValueSpecification","valueRequired":true,"valueName":"search_term_string"}}],"inLanguage":"en-US"},{"@type":"Person","@id":"https:\/\/buechel-online.com\/en\/#\/schema\/person\/97664ffb6ffdef48be3f98d35d2c288b","name":"Uwe Ruppel","image":{"@type":"ImageObject","inLanguage":"en-US","@id":"https:\/\/secure.gravatar.com\/avatar\/5ba32e8b70f926a293286c98131f9e8ebe640eb9a162ad9399da3092792b12c3?s=96&d=mm&r=g","url":"https:\/\/secure.gravatar.com\/avatar\/5ba32e8b70f926a293286c98131f9e8ebe640eb9a162ad9399da3092792b12c3?s=96&d=mm&r=g","contentUrl":"https:\/\/secure.gravatar.com\/avatar\/5ba32e8b70f926a293286c98131f9e8ebe640eb9a162ad9399da3092792b12c3?s=96&d=mm&r=g","caption":"Uwe Ruppel"},"url":"https:\/\/buechel-online.com\/en\/author\/uwe-ruppel\/"}]}},"_links":{"self":[{"href":"https:\/\/buechel-online.com\/en\/wp-json\/wp\/v2\/posts\/3988","targetHints":{"allow":["GET"]}}],"collection":[{"href":"https:\/\/buechel-online.com\/en\/wp-json\/wp\/v2\/posts"}],"about":[{"href":"https:\/\/buechel-online.com\/en\/wp-json\/wp\/v2\/types\/post"}],"author":[{"embeddable":true,"href":"https:\/\/buechel-online.com\/en\/wp-json\/wp\/v2\/users\/3"}],"replies":[{"embeddable":true,"href":"https:\/\/buechel-online.com\/en\/wp-json\/wp\/v2\/comments?post=3988"}],"version-history":[{"count":10,"href":"https:\/\/buechel-online.com\/en\/wp-json\/wp\/v2\/posts\/3988\/revisions"}],"predecessor-version":[{"id":7554,"href":"https:\/\/buechel-online.com\/en\/wp-json\/wp\/v2\/posts\/3988\/revisions\/7554"}],"wp:featuredmedia":[{"embeddable":true,"href":"https:\/\/buechel-online.com\/en\/wp-json\/wp\/v2\/media\/3610"}],"wp:attachment":[{"href":"https:\/\/buechel-online.com\/en\/wp-json\/wp\/v2\/media?parent=3988"}],"wp:term":[{"taxonomy":"category","embeddable":true,"href":"https:\/\/buechel-online.com\/en\/wp-json\/wp\/v2\/categories?post=3988"},{"taxonomy":"post_tag","embeddable":true,"href":"https:\/\/buechel-online.com\/en\/wp-json\/wp\/v2\/tags?post=3988"}],"curies":[{"name":"wp","href":"https:\/\/api.w.org\/{rel}","templated":true}]}}