{"id":3977,"date":"2020-12-22T16:27:57","date_gmt":"2020-12-22T15:27:57","guid":{"rendered":"https:\/\/buechel-online.com\/merger-of-kuhnert-drahtwaren-gmbh-and-exal-europa-gmbh-with-buechel\/"},"modified":"2021-04-30T10:41:37","modified_gmt":"2021-04-30T08:41:37","slug":"merger-of-kuhnert-drahtwaren-gmbh-and-exal-europa-gmbh-with-buechel","status":"publish","type":"post","link":"https:\/\/buechel-online.com\/en\/merger-of-kuhnert-drahtwaren-gmbh-and-exal-europa-gmbh-with-buechel\/","title":{"rendered":"Merger of Kuhnert Drahtwaren GmbH and EXAL Europa GmbH with B\u00fcchel"},"content":{"rendered":"<p>[vc_row row_type=&#8221;row&#8221; use_row_as_full_screen_section=&#8221;no&#8221; type=&#8221;full_width&#8221; text_align=&#8221;left&#8221; background_animation=&#8221;none&#8221; css_animation=&#8221;&#8221;][vc_column][vc_column_text]<\/p>\n&#013;\n<h2 class=\"has-text-align-center wp-block-heading\">Merger of Kuhnert Drahtwaren GmbH and EXAL Europa GmbH with B\u00fcchel<\/h2>&#013;\n<p>&nbsp;<\/p>\n\r\n<div class=\"wp-block-spacer\" style=\"height: 30px\" aria-hidden=\"true\">\u00a0<\/div>\r\n<p>&nbsp;<\/p>\n\r\n<div class=\"wp-block-columns is-layout-flex wp-container-core-columns-is-layout-9d6595d7 wp-block-columns-is-layout-flex\">\r\n<div class=\"wp-block-column is-layout-flow wp-block-column-is-layout-flow\">&#013;\n<figure class=\"wp-block-image size-large\"><img loading=\"lazy\" decoding=\"async\" width=\"872\" height=\"514\" class=\"wp-image-3782\" src=\"https:\/\/buechel-online.com\/wp-content\/uploads\/2020\/12\/Verschmelzung-Buechel-Kuhnert-Exal.jpg\" alt=\"Merger-Buechel-Kuhnert-Exal\" srcset=\"https:\/\/buechel-online.com\/wp-content\/uploads\/2020\/12\/Verschmelzung-Buechel-Kuhnert-Exal.jpg 872w, https:\/\/buechel-online.com\/wp-content\/uploads\/2020\/12\/Verschmelzung-Buechel-Kuhnert-Exal-300x177.jpg 300w, https:\/\/buechel-online.com\/wp-content\/uploads\/2020\/12\/Verschmelzung-Buechel-Kuhnert-Exal-768x453.jpg 768w, https:\/\/buechel-online.com\/wp-content\/uploads\/2020\/12\/Verschmelzung-Buechel-Kuhnert-Exal-700x413.jpg 700w\" sizes=\"auto, (max-width: 872px) 100vw, 872px\" \/>&#013;\n<figcaption>Merger-Buechel-Kuhnert-Exal<\/figcaption>&#013;\n<\/figure>&#013;\n<p><\/p><\/p>\r\n<\/div>\r\n\r\n\r\n\r\n<div class=\"wp-block-column is-layout-flow wp-block-column-is-layout-flow\">\r\n<p>Um die Zusammenarbeit mit unseren Gesch\u00e4ftspartnern weiter zu optimieren und die Komplexit\u00e4t zu reduzieren, haben wir uns entschlossen, die Kuhnert Drahtwaren GmbH und die EXAL Europa GmbH zum 31.12.2020 mit B\u00fcchel zu verschmelzen.<\/p>\r\n\r\n<div class=\"wp-block-spacer\" style=\"height: 20px\" aria-hidden=\"true\">\u00a0<\/div>\r\n<p>Ab dem 01.01.2021 \u00fcbernimmt die B\u00fcchel GmbH &amp; Co. Fahrzeugteilefabrik KG den Gesch\u00e4ftsbetrieb beider Unternehmen. Alle geschlossenen Vertr\u00e4ge und Vereinbarungen wie z.B. Auftr\u00e4ge, Bestellungen, Lieferscheine etc. behalten ihre G\u00fcltigkeit.<\/p>\r\n\r\n<div class=\"wp-block-spacer\" style=\"height: 20px\" aria-hidden=\"true\">\u00a0<\/div>\r\n<p>Das Produktportfolio und die Marken \u201eKuhnert\u201c und \u201eEXAL\u201c bleiben wichtiger Bestandteil der B\u00fcchel-Gruppe.<\/p>\r\n\r\n<div class=\"wp-block-spacer\" style=\"height: 20px\" aria-hidden=\"true\">\u00a0<\/div>\r\n<p>Wir freuen uns auf eine weiterhin erfolgreiche Zusammenarbeit und w\u00fcnschen Ihnen allen ein besinnliches Weihnachtsfest und einen guten Start in ein gesundes Jahr 2021!<\/p>\r\n\r\n<div class=\"wp-block-spacer\" style=\"height: 20px\" aria-hidden=\"true\">\u00a0<\/div>\r\n\r\n\r\n\r\n<div class=\"wp-block-spacer\" style=\"height: 20px\" aria-hidden=\"true\">\u00a0<\/div>\r\n<p>\u00a0<\/p>\r\n<p>&nbsp;<\/p>\r\n<p>&nbsp;<\/p>\r\n<p>&nbsp;<\/p>\r\n<\/div>\r\n<p><\/p>\r\n<\/div>\r\n<p><p>[\/vc_column_text][\/vc_column][\/vc_row][vc_row row_type=&#8221;row&#8221; use_row_as_full_screen_section=&#8221;no&#8221; type=&#8221;full_width&#8221; text_align=&#8221;center&#8221; background_animation=&#8221;none&#8221; css_animation=&#8221;&#8221;][vc_column]<a href=\"https:\/\/buechel-online.com\/aktuelles\/#mitteilungen\" target=\"_self\"  class=\"qbutton \" style=\"\">Back to overview<\/a>[\/vc_column][\/vc_row]<\/p>\n","protected":false},"excerpt":{"rendered":"<p>[vc_row row_type=&#8221;row&#8221; use_row_as_full_screen_section=&#8221;no&#8221; type=&#8221;full_width&#8221; text_align=&#8221;left&#8221; background_animation=&#8221;none&#8221; css_animation=&#8221;&#8221;][vc_column][vc_column_text] &#013; Merger of Kuhnert Drahtwaren GmbH and EXAL Europa GmbH with B\u00fcchel &#013;&#8230;<\/p>\n","protected":false},"author":3,"featured_media":3782,"comment_status":"open","ping_status":"open","sticky":false,"template":"","format":"standard","meta":{"_acf_changed":false,"footnotes":""},"categories":[65],"tags":[],"class_list":["post-3977","post","type-post","status-publish","format-standard","has-post-thumbnail","hentry","category-news-en"],"acf":[],"yoast_head":"<!-- This site is optimized with the Yoast SEO plugin v27.5 - https:\/\/yoast.com\/product\/yoast-seo-wordpress\/ -->\n<title>Merger of Kuhnert Drahtwaren and EXAL with B\u00fcchel<\/title>\n<meta name=\"description\" content=\"In order to further optimise business relationships, we have decided to merge Kuhnert and EXAL with B\u00fcchel as of 31 December 2020.\" \/>\n<meta name=\"robots\" content=\"index, follow, max-snippet:-1, max-image-preview:large, max-video-preview:-1\" \/>\n<link rel=\"canonical\" href=\"https:\/\/buechel-online.com\/en\/merger-of-kuhnert-drahtwaren-gmbh-and-exal-europa-gmbh-with-buechel\/\" \/>\n<meta property=\"og:locale\" content=\"en_US\" \/>\n<meta property=\"og:type\" content=\"article\" \/>\n<meta property=\"og:title\" content=\"Merger of Kuhnert Drahtwaren and EXAL with B\u00fcchel\" \/>\n<meta property=\"og:description\" content=\"In order to further optimise business relationships, we have decided to merge Kuhnert and EXAL with B\u00fcchel as of 31 December 2020.\" \/>\n<meta property=\"og:url\" content=\"https:\/\/buechel-online.com\/en\/merger-of-kuhnert-drahtwaren-gmbh-and-exal-europa-gmbh-with-buechel\/\" \/>\n<meta property=\"og:site_name\" content=\"B\u00fcchel\" \/>\n<meta property=\"article:published_time\" content=\"2020-12-22T15:27:57+00:00\" \/>\n<meta property=\"article:modified_time\" content=\"2021-04-30T08:41:37+00:00\" \/>\n<meta property=\"og:image\" content=\"https:\/\/buechel-online.com\/wp-content\/uploads\/2020\/12\/Verschmelzung-Buechel-Kuhnert-Exal.jpg\" \/>\n\t<meta property=\"og:image:width\" content=\"872\" \/>\n\t<meta property=\"og:image:height\" content=\"514\" \/>\n\t<meta property=\"og:image:type\" content=\"image\/jpeg\" \/>\n<meta name=\"author\" content=\"Uwe Ruppel\" \/>\n<meta name=\"twitter:card\" content=\"summary_large_image\" \/>\n<meta name=\"twitter:label1\" content=\"Written by\" \/>\n\t<meta name=\"twitter:data1\" content=\"Uwe Ruppel\" \/>\n\t<meta name=\"twitter:label2\" content=\"Est. reading time\" \/>\n\t<meta name=\"twitter:data2\" content=\"1 minute\" \/>\n<script type=\"application\/ld+json\" class=\"yoast-schema-graph\">{\"@context\":\"https:\\\/\\\/schema.org\",\"@graph\":[{\"@type\":\"Article\",\"@id\":\"https:\\\/\\\/buechel-online.com\\\/en\\\/merger-of-kuhnert-drahtwaren-gmbh-and-exal-europa-gmbh-with-buechel\\\/#article\",\"isPartOf\":{\"@id\":\"https:\\\/\\\/buechel-online.com\\\/en\\\/merger-of-kuhnert-drahtwaren-gmbh-and-exal-europa-gmbh-with-buechel\\\/\"},\"author\":{\"name\":\"Uwe Ruppel\",\"@id\":\"https:\\\/\\\/buechel-online.com\\\/en\\\/#\\\/schema\\\/person\\\/97664ffb6ffdef48be3f98d35d2c288b\"},\"headline\":\"Merger of Kuhnert Drahtwaren GmbH and EXAL Europa GmbH with B\u00fcchel\",\"datePublished\":\"2020-12-22T15:27:57+00:00\",\"dateModified\":\"2021-04-30T08:41:37+00:00\",\"mainEntityOfPage\":{\"@id\":\"https:\\\/\\\/buechel-online.com\\\/en\\\/merger-of-kuhnert-drahtwaren-gmbh-and-exal-europa-gmbh-with-buechel\\\/\"},\"wordCount\":216,\"commentCount\":0,\"image\":{\"@id\":\"https:\\\/\\\/buechel-online.com\\\/en\\\/merger-of-kuhnert-drahtwaren-gmbh-and-exal-europa-gmbh-with-buechel\\\/#primaryimage\"},\"thumbnailUrl\":\"https:\\\/\\\/buechel-online.com\\\/wp-content\\\/uploads\\\/2020\\\/12\\\/Verschmelzung-Buechel-Kuhnert-Exal.jpg\",\"articleSection\":[\"News\"],\"inLanguage\":\"en-US\",\"potentialAction\":[{\"@type\":\"CommentAction\",\"name\":\"Comment\",\"target\":[\"https:\\\/\\\/buechel-online.com\\\/en\\\/merger-of-kuhnert-drahtwaren-gmbh-and-exal-europa-gmbh-with-buechel\\\/#respond\"]}]},{\"@type\":\"WebPage\",\"@id\":\"https:\\\/\\\/buechel-online.com\\\/en\\\/merger-of-kuhnert-drahtwaren-gmbh-and-exal-europa-gmbh-with-buechel\\\/\",\"url\":\"https:\\\/\\\/buechel-online.com\\\/en\\\/merger-of-kuhnert-drahtwaren-gmbh-and-exal-europa-gmbh-with-buechel\\\/\",\"name\":\"Merger of Kuhnert Drahtwaren and EXAL with B\u00fcchel\",\"isPartOf\":{\"@id\":\"https:\\\/\\\/buechel-online.com\\\/en\\\/#website\"},\"primaryImageOfPage\":{\"@id\":\"https:\\\/\\\/buechel-online.com\\\/en\\\/merger-of-kuhnert-drahtwaren-gmbh-and-exal-europa-gmbh-with-buechel\\\/#primaryimage\"},\"image\":{\"@id\":\"https:\\\/\\\/buechel-online.com\\\/en\\\/merger-of-kuhnert-drahtwaren-gmbh-and-exal-europa-gmbh-with-buechel\\\/#primaryimage\"},\"thumbnailUrl\":\"https:\\\/\\\/buechel-online.com\\\/wp-content\\\/uploads\\\/2020\\\/12\\\/Verschmelzung-Buechel-Kuhnert-Exal.jpg\",\"datePublished\":\"2020-12-22T15:27:57+00:00\",\"dateModified\":\"2021-04-30T08:41:37+00:00\",\"author\":{\"@id\":\"https:\\\/\\\/buechel-online.com\\\/en\\\/#\\\/schema\\\/person\\\/97664ffb6ffdef48be3f98d35d2c288b\"},\"description\":\"In order to further optimise business relationships, we have decided to merge Kuhnert and EXAL with B\u00fcchel as of 31 December 2020.\",\"breadcrumb\":{\"@id\":\"https:\\\/\\\/buechel-online.com\\\/en\\\/merger-of-kuhnert-drahtwaren-gmbh-and-exal-europa-gmbh-with-buechel\\\/#breadcrumb\"},\"inLanguage\":\"en-US\",\"potentialAction\":[{\"@type\":\"ReadAction\",\"target\":[\"https:\\\/\\\/buechel-online.com\\\/en\\\/merger-of-kuhnert-drahtwaren-gmbh-and-exal-europa-gmbh-with-buechel\\\/\"]}]},{\"@type\":\"ImageObject\",\"inLanguage\":\"en-US\",\"@id\":\"https:\\\/\\\/buechel-online.com\\\/en\\\/merger-of-kuhnert-drahtwaren-gmbh-and-exal-europa-gmbh-with-buechel\\\/#primaryimage\",\"url\":\"https:\\\/\\\/buechel-online.com\\\/wp-content\\\/uploads\\\/2020\\\/12\\\/Verschmelzung-Buechel-Kuhnert-Exal.jpg\",\"contentUrl\":\"https:\\\/\\\/buechel-online.com\\\/wp-content\\\/uploads\\\/2020\\\/12\\\/Verschmelzung-Buechel-Kuhnert-Exal.jpg\",\"width\":872,\"height\":514,\"caption\":\"Merger-Buechel-Kuhnert-Exal\"},{\"@type\":\"BreadcrumbList\",\"@id\":\"https:\\\/\\\/buechel-online.com\\\/en\\\/merger-of-kuhnert-drahtwaren-gmbh-and-exal-europa-gmbh-with-buechel\\\/#breadcrumb\",\"itemListElement\":[{\"@type\":\"ListItem\",\"position\":1,\"name\":\"Startseite\",\"item\":\"https:\\\/\\\/buechel-online.com\\\/en\\\/\"},{\"@type\":\"ListItem\",\"position\":2,\"name\":\"Merger of Kuhnert Drahtwaren GmbH and EXAL Europa GmbH with B\u00fcchel\"}]},{\"@type\":\"WebSite\",\"@id\":\"https:\\\/\\\/buechel-online.com\\\/en\\\/#website\",\"url\":\"https:\\\/\\\/buechel-online.com\\\/en\\\/\",\"name\":\"B\u00fcchel\",\"description\":\"Ihr produzierender Fahrradteilehersteller\",\"potentialAction\":[{\"@type\":\"SearchAction\",\"target\":{\"@type\":\"EntryPoint\",\"urlTemplate\":\"https:\\\/\\\/buechel-online.com\\\/en\\\/?s={search_term_string}\"},\"query-input\":{\"@type\":\"PropertyValueSpecification\",\"valueRequired\":true,\"valueName\":\"search_term_string\"}}],\"inLanguage\":\"en-US\"},{\"@type\":\"Person\",\"@id\":\"https:\\\/\\\/buechel-online.com\\\/en\\\/#\\\/schema\\\/person\\\/97664ffb6ffdef48be3f98d35d2c288b\",\"name\":\"Uwe Ruppel\",\"image\":{\"@type\":\"ImageObject\",\"inLanguage\":\"en-US\",\"@id\":\"https:\\\/\\\/secure.gravatar.com\\\/avatar\\\/5ba32e8b70f926a293286c98131f9e8ebe640eb9a162ad9399da3092792b12c3?s=96&d=mm&r=g\",\"url\":\"https:\\\/\\\/secure.gravatar.com\\\/avatar\\\/5ba32e8b70f926a293286c98131f9e8ebe640eb9a162ad9399da3092792b12c3?s=96&d=mm&r=g\",\"contentUrl\":\"https:\\\/\\\/secure.gravatar.com\\\/avatar\\\/5ba32e8b70f926a293286c98131f9e8ebe640eb9a162ad9399da3092792b12c3?s=96&d=mm&r=g\",\"caption\":\"Uwe Ruppel\"},\"url\":\"https:\\\/\\\/buechel-online.com\\\/en\\\/author\\\/uwe-ruppel\\\/\"}]}<\/script>\n<!-- \/ Yoast SEO plugin. -->","yoast_head_json":{"title":"Merger of Kuhnert Drahtwaren and EXAL with B\u00fcchel","description":"In order to further optimise business relationships, we have decided to merge Kuhnert and EXAL with B\u00fcchel as of 31 December 2020.","robots":{"index":"index","follow":"follow","max-snippet":"max-snippet:-1","max-image-preview":"max-image-preview:large","max-video-preview":"max-video-preview:-1"},"canonical":"https:\/\/buechel-online.com\/en\/merger-of-kuhnert-drahtwaren-gmbh-and-exal-europa-gmbh-with-buechel\/","og_locale":"en_US","og_type":"article","og_title":"Merger of Kuhnert Drahtwaren and EXAL with B\u00fcchel","og_description":"In order to further optimise business relationships, we have decided to merge Kuhnert and EXAL with B\u00fcchel as of 31 December 2020.","og_url":"https:\/\/buechel-online.com\/en\/merger-of-kuhnert-drahtwaren-gmbh-and-exal-europa-gmbh-with-buechel\/","og_site_name":"B\u00fcchel","article_published_time":"2020-12-22T15:27:57+00:00","article_modified_time":"2021-04-30T08:41:37+00:00","og_image":[{"width":872,"height":514,"url":"https:\/\/buechel-online.com\/wp-content\/uploads\/2020\/12\/Verschmelzung-Buechel-Kuhnert-Exal.jpg","type":"image\/jpeg"}],"author":"Uwe Ruppel","twitter_card":"summary_large_image","twitter_misc":{"Written by":"Uwe Ruppel","Est. reading time":"1 minute"},"schema":{"@context":"https:\/\/schema.org","@graph":[{"@type":"Article","@id":"https:\/\/buechel-online.com\/en\/merger-of-kuhnert-drahtwaren-gmbh-and-exal-europa-gmbh-with-buechel\/#article","isPartOf":{"@id":"https:\/\/buechel-online.com\/en\/merger-of-kuhnert-drahtwaren-gmbh-and-exal-europa-gmbh-with-buechel\/"},"author":{"name":"Uwe Ruppel","@id":"https:\/\/buechel-online.com\/en\/#\/schema\/person\/97664ffb6ffdef48be3f98d35d2c288b"},"headline":"Merger of Kuhnert Drahtwaren GmbH and EXAL Europa GmbH with B\u00fcchel","datePublished":"2020-12-22T15:27:57+00:00","dateModified":"2021-04-30T08:41:37+00:00","mainEntityOfPage":{"@id":"https:\/\/buechel-online.com\/en\/merger-of-kuhnert-drahtwaren-gmbh-and-exal-europa-gmbh-with-buechel\/"},"wordCount":216,"commentCount":0,"image":{"@id":"https:\/\/buechel-online.com\/en\/merger-of-kuhnert-drahtwaren-gmbh-and-exal-europa-gmbh-with-buechel\/#primaryimage"},"thumbnailUrl":"https:\/\/buechel-online.com\/wp-content\/uploads\/2020\/12\/Verschmelzung-Buechel-Kuhnert-Exal.jpg","articleSection":["News"],"inLanguage":"en-US","potentialAction":[{"@type":"CommentAction","name":"Comment","target":["https:\/\/buechel-online.com\/en\/merger-of-kuhnert-drahtwaren-gmbh-and-exal-europa-gmbh-with-buechel\/#respond"]}]},{"@type":"WebPage","@id":"https:\/\/buechel-online.com\/en\/merger-of-kuhnert-drahtwaren-gmbh-and-exal-europa-gmbh-with-buechel\/","url":"https:\/\/buechel-online.com\/en\/merger-of-kuhnert-drahtwaren-gmbh-and-exal-europa-gmbh-with-buechel\/","name":"Merger of Kuhnert Drahtwaren and EXAL with B\u00fcchel","isPartOf":{"@id":"https:\/\/buechel-online.com\/en\/#website"},"primaryImageOfPage":{"@id":"https:\/\/buechel-online.com\/en\/merger-of-kuhnert-drahtwaren-gmbh-and-exal-europa-gmbh-with-buechel\/#primaryimage"},"image":{"@id":"https:\/\/buechel-online.com\/en\/merger-of-kuhnert-drahtwaren-gmbh-and-exal-europa-gmbh-with-buechel\/#primaryimage"},"thumbnailUrl":"https:\/\/buechel-online.com\/wp-content\/uploads\/2020\/12\/Verschmelzung-Buechel-Kuhnert-Exal.jpg","datePublished":"2020-12-22T15:27:57+00:00","dateModified":"2021-04-30T08:41:37+00:00","author":{"@id":"https:\/\/buechel-online.com\/en\/#\/schema\/person\/97664ffb6ffdef48be3f98d35d2c288b"},"description":"In order to further optimise business relationships, we have decided to merge Kuhnert and EXAL with B\u00fcchel as of 31 December 2020.","breadcrumb":{"@id":"https:\/\/buechel-online.com\/en\/merger-of-kuhnert-drahtwaren-gmbh-and-exal-europa-gmbh-with-buechel\/#breadcrumb"},"inLanguage":"en-US","potentialAction":[{"@type":"ReadAction","target":["https:\/\/buechel-online.com\/en\/merger-of-kuhnert-drahtwaren-gmbh-and-exal-europa-gmbh-with-buechel\/"]}]},{"@type":"ImageObject","inLanguage":"en-US","@id":"https:\/\/buechel-online.com\/en\/merger-of-kuhnert-drahtwaren-gmbh-and-exal-europa-gmbh-with-buechel\/#primaryimage","url":"https:\/\/buechel-online.com\/wp-content\/uploads\/2020\/12\/Verschmelzung-Buechel-Kuhnert-Exal.jpg","contentUrl":"https:\/\/buechel-online.com\/wp-content\/uploads\/2020\/12\/Verschmelzung-Buechel-Kuhnert-Exal.jpg","width":872,"height":514,"caption":"Merger-Buechel-Kuhnert-Exal"},{"@type":"BreadcrumbList","@id":"https:\/\/buechel-online.com\/en\/merger-of-kuhnert-drahtwaren-gmbh-and-exal-europa-gmbh-with-buechel\/#breadcrumb","itemListElement":[{"@type":"ListItem","position":1,"name":"Startseite","item":"https:\/\/buechel-online.com\/en\/"},{"@type":"ListItem","position":2,"name":"Merger of Kuhnert Drahtwaren GmbH and EXAL Europa GmbH with B\u00fcchel"}]},{"@type":"WebSite","@id":"https:\/\/buechel-online.com\/en\/#website","url":"https:\/\/buechel-online.com\/en\/","name":"B\u00fcchel","description":"Ihr produzierender Fahrradteilehersteller","potentialAction":[{"@type":"SearchAction","target":{"@type":"EntryPoint","urlTemplate":"https:\/\/buechel-online.com\/en\/?s={search_term_string}"},"query-input":{"@type":"PropertyValueSpecification","valueRequired":true,"valueName":"search_term_string"}}],"inLanguage":"en-US"},{"@type":"Person","@id":"https:\/\/buechel-online.com\/en\/#\/schema\/person\/97664ffb6ffdef48be3f98d35d2c288b","name":"Uwe Ruppel","image":{"@type":"ImageObject","inLanguage":"en-US","@id":"https:\/\/secure.gravatar.com\/avatar\/5ba32e8b70f926a293286c98131f9e8ebe640eb9a162ad9399da3092792b12c3?s=96&d=mm&r=g","url":"https:\/\/secure.gravatar.com\/avatar\/5ba32e8b70f926a293286c98131f9e8ebe640eb9a162ad9399da3092792b12c3?s=96&d=mm&r=g","contentUrl":"https:\/\/secure.gravatar.com\/avatar\/5ba32e8b70f926a293286c98131f9e8ebe640eb9a162ad9399da3092792b12c3?s=96&d=mm&r=g","caption":"Uwe Ruppel"},"url":"https:\/\/buechel-online.com\/en\/author\/uwe-ruppel\/"}]}},"_links":{"self":[{"href":"https:\/\/buechel-online.com\/en\/wp-json\/wp\/v2\/posts\/3977","targetHints":{"allow":["GET"]}}],"collection":[{"href":"https:\/\/buechel-online.com\/en\/wp-json\/wp\/v2\/posts"}],"about":[{"href":"https:\/\/buechel-online.com\/en\/wp-json\/wp\/v2\/types\/post"}],"author":[{"embeddable":true,"href":"https:\/\/buechel-online.com\/en\/wp-json\/wp\/v2\/users\/3"}],"replies":[{"embeddable":true,"href":"https:\/\/buechel-online.com\/en\/wp-json\/wp\/v2\/comments?post=3977"}],"version-history":[{"count":17,"href":"https:\/\/buechel-online.com\/en\/wp-json\/wp\/v2\/posts\/3977\/revisions"}],"predecessor-version":[{"id":7903,"href":"https:\/\/buechel-online.com\/en\/wp-json\/wp\/v2\/posts\/3977\/revisions\/7903"}],"wp:featuredmedia":[{"embeddable":true,"href":"https:\/\/buechel-online.com\/en\/wp-json\/wp\/v2\/media\/3782"}],"wp:attachment":[{"href":"https:\/\/buechel-online.com\/en\/wp-json\/wp\/v2\/media?parent=3977"}],"wp:term":[{"taxonomy":"category","embeddable":true,"href":"https:\/\/buechel-online.com\/en\/wp-json\/wp\/v2\/categories?post=3977"},{"taxonomy":"post_tag","embeddable":true,"href":"https:\/\/buechel-online.com\/en\/wp-json\/wp\/v2\/tags?post=3977"}],"curies":[{"name":"wp","href":"https:\/\/api.w.org\/{rel}","templated":true}]}}