{"id":3736,"date":"2020-10-19T15:59:29","date_gmt":"2020-10-19T13:59:29","guid":{"rendered":"https:\/\/buechel-online.com\/sicherer-unterwegs-mit-hellem-bremslicht\/"},"modified":"2021-03-16T09:47:11","modified_gmt":"2021-03-16T08:47:11","slug":"safer-on-the-road-with-bright-brake-light","status":"publish","type":"post","link":"https:\/\/buechel-online.com\/en\/safer-on-the-road-with-bright-brake-light\/","title":{"rendered":"Safer on the road with bright brake light"},"content":{"rendered":"\r\n<h2 class=\"has-text-align-center wp-block-heading\">Safer on the road with bright brake light<\/h2>\r\n\r\n\r\n\r\n<div style=\"height:30px\" aria-hidden=\"true\" class=\"wp-block-spacer\"><\/div>\r\n\r\n\r\n\r\n<div class=\"wp-block-columns is-layout-flex wp-container-core-columns-is-layout-9d6595d7 wp-block-columns-is-layout-flex\">\r\n<div class=\"wp-block-column is-layout-flow wp-block-column-is-layout-flow\">\r\n<figure class=\"wp-block-image size-large\"><img loading=\"lazy\" decoding=\"async\" width=\"800\" height=\"534\" src=\"https:\/\/buechel-online.com\/wp-content\/uploads\/2020\/10\/05-ruecklicht_detail.png\" alt=\"\" class=\"wp-image-3588\" srcset=\"https:\/\/buechel-online.com\/wp-content\/uploads\/2020\/10\/05-ruecklicht_detail.png 800w, https:\/\/buechel-online.com\/wp-content\/uploads\/2020\/10\/05-ruecklicht_detail-300x200.png 300w, https:\/\/buechel-online.com\/wp-content\/uploads\/2020\/10\/05-ruecklicht_detail-768x513.png 768w, https:\/\/buechel-online.com\/wp-content\/uploads\/2020\/10\/05-ruecklicht_detail-700x467.png 700w\" sizes=\"auto, (max-width: 800px) 100vw, 800px\" \/><\/figure>\r\n<\/div>\r\n\r\n\r\n\r\n<div class=\"wp-block-column is-layout-flow wp-block-column-is-layout-flow\">\r\n<p>A big plus in safety for cyclists offers the B\u00dcCHEL tail light Edge with integrated Z-reflector, the first sensor-controlled brake light for bicycles according to the new StVZO and ECE directive.<\/p>\r\n\r\n\r\n\r\n<div style=\"height:20px\" aria-hidden=\"true\" class=\"wp-block-spacer\"><\/div>\r\n\r\n\r\n\r\n<p>The STOPTECH brake light function is a joint development with the Fraunhofer Institute in Dresden. The sensor technology, which detects the deceleration of the speed during braking, eliminates the need for a connection to the braking system via cable. The ECE directive states that the minimum value of the brake light must be 40 candela, which is several times brighter than the short-term signaling previously permitted by the StVZO. The brightness of the Edge brake light at 45 candela is more than five times that of the tail light. This considerably increases safety in road traffic.<\/p>\r\n\r\n\r\n\r\n<div style=\"height:20px\" aria-hidden=\"true\" class=\"wp-block-spacer\"><\/div>\r\n\r\n\r\n\r\n<p>Many current bicycle models, whether with or without electric assistance, have a rather angular design. B\u00dcCHEL has picked up on this with the LED tail light Edge, which is equipped with quality LEDs. The light is mounted on the luggage carrier (mounting width 50 or 80 mm) and integrates seamlessly into the visual appearance of modern bicycles.<\/p>\r\n\r\n\r\n\r\n<p><\/p>\r\n\r\n\r\n\r\n<p><\/p>\r\n\r\n\r\n\r\n<p><\/p>\r\n\r\n\r\n\r\n<p><\/p>\r\n\r\n\r\n\r\n<p><\/p>\r\n<\/div>\r\n<\/div>\r\n","protected":false},"excerpt":{"rendered":"<p>Safer on the road with bright brake light<\/p>\n","protected":false},"author":3,"featured_media":3588,"comment_status":"open","ping_status":"open","sticky":false,"template":"","format":"standard","meta":{"_acf_changed":false,"footnotes":""},"categories":[65],"tags":[],"class_list":["post-3736","post","type-post","status-publish","format-standard","has-post-thumbnail","hentry","category-news-en"],"acf":[],"yoast_head":"<!-- This site is optimized with the Yoast SEO plugin v27.5 - https:\/\/yoast.com\/product\/yoast-seo-wordpress\/ -->\n<title>Safer on the road with bright brake light - B\u00fcchel<\/title>\n<meta name=\"description\" content=\"Ein gro\u00dfes Plus an Sicherheit f\u00fcr Radfahrer bietet die B\u00dcCHEL R\u00fcckleuchte Edge mit integriertem Z-Reflektor, das erste sensorgesteuerte Bremslicht f\u00fcr Fahrr\u00e4der nach neuer StVZO und ECE-Richtlinie.\" \/>\n<meta name=\"robots\" content=\"index, follow, max-snippet:-1, max-image-preview:large, max-video-preview:-1\" \/>\n<link rel=\"canonical\" href=\"https:\/\/buechel-online.com\/en\/safer-on-the-road-with-bright-brake-light\/\" \/>\n<meta property=\"og:locale\" content=\"en_US\" \/>\n<meta property=\"og:type\" content=\"article\" \/>\n<meta property=\"og:title\" content=\"Safer on the road with bright brake light - B\u00fcchel\" \/>\n<meta property=\"og:description\" content=\"Ein gro\u00dfes Plus an Sicherheit f\u00fcr Radfahrer bietet die B\u00dcCHEL R\u00fcckleuchte Edge mit integriertem Z-Reflektor, das erste sensorgesteuerte Bremslicht f\u00fcr Fahrr\u00e4der nach neuer StVZO und ECE-Richtlinie.\" \/>\n<meta property=\"og:url\" content=\"https:\/\/buechel-online.com\/en\/safer-on-the-road-with-bright-brake-light\/\" \/>\n<meta property=\"og:site_name\" content=\"B\u00fcchel\" \/>\n<meta property=\"article:published_time\" content=\"2020-10-19T13:59:29+00:00\" \/>\n<meta property=\"article:modified_time\" content=\"2021-03-16T08:47:11+00:00\" \/>\n<meta property=\"og:image\" content=\"https:\/\/buechel-online.com\/wp-content\/uploads\/2020\/10\/05-ruecklicht_detail.png\" \/>\n\t<meta property=\"og:image:width\" content=\"800\" \/>\n\t<meta property=\"og:image:height\" content=\"534\" \/>\n\t<meta property=\"og:image:type\" content=\"image\/png\" \/>\n<meta name=\"author\" content=\"Uwe Ruppel\" \/>\n<meta name=\"twitter:card\" content=\"summary_large_image\" \/>\n<meta name=\"twitter:label1\" content=\"Written by\" \/>\n\t<meta name=\"twitter:data1\" content=\"Uwe Ruppel\" \/>\n\t<meta name=\"twitter:label2\" content=\"Est. reading time\" \/>\n\t<meta name=\"twitter:data2\" content=\"1 minute\" \/>\n<script type=\"application\/ld+json\" class=\"yoast-schema-graph\">{\"@context\":\"https:\\\/\\\/schema.org\",\"@graph\":[{\"@type\":\"Article\",\"@id\":\"https:\\\/\\\/buechel-online.com\\\/en\\\/safer-on-the-road-with-bright-brake-light\\\/#article\",\"isPartOf\":{\"@id\":\"https:\\\/\\\/buechel-online.com\\\/en\\\/safer-on-the-road-with-bright-brake-light\\\/\"},\"author\":{\"name\":\"Uwe Ruppel\",\"@id\":\"https:\\\/\\\/buechel-online.com\\\/en\\\/#\\\/schema\\\/person\\\/97664ffb6ffdef48be3f98d35d2c288b\"},\"headline\":\"Safer on the road with bright brake light\",\"datePublished\":\"2020-10-19T13:59:29+00:00\",\"dateModified\":\"2021-03-16T08:47:11+00:00\",\"mainEntityOfPage\":{\"@id\":\"https:\\\/\\\/buechel-online.com\\\/en\\\/safer-on-the-road-with-bright-brake-light\\\/\"},\"wordCount\":198,\"commentCount\":0,\"image\":{\"@id\":\"https:\\\/\\\/buechel-online.com\\\/en\\\/safer-on-the-road-with-bright-brake-light\\\/#primaryimage\"},\"thumbnailUrl\":\"https:\\\/\\\/buechel-online.com\\\/wp-content\\\/uploads\\\/2020\\\/10\\\/05-ruecklicht_detail.png\",\"articleSection\":[\"News\"],\"inLanguage\":\"en-US\",\"potentialAction\":[{\"@type\":\"CommentAction\",\"name\":\"Comment\",\"target\":[\"https:\\\/\\\/buechel-online.com\\\/en\\\/safer-on-the-road-with-bright-brake-light\\\/#respond\"]}]},{\"@type\":\"WebPage\",\"@id\":\"https:\\\/\\\/buechel-online.com\\\/en\\\/safer-on-the-road-with-bright-brake-light\\\/\",\"url\":\"https:\\\/\\\/buechel-online.com\\\/en\\\/safer-on-the-road-with-bright-brake-light\\\/\",\"name\":\"Safer on the road with bright brake light - B\u00fcchel\",\"isPartOf\":{\"@id\":\"https:\\\/\\\/buechel-online.com\\\/en\\\/#website\"},\"primaryImageOfPage\":{\"@id\":\"https:\\\/\\\/buechel-online.com\\\/en\\\/safer-on-the-road-with-bright-brake-light\\\/#primaryimage\"},\"image\":{\"@id\":\"https:\\\/\\\/buechel-online.com\\\/en\\\/safer-on-the-road-with-bright-brake-light\\\/#primaryimage\"},\"thumbnailUrl\":\"https:\\\/\\\/buechel-online.com\\\/wp-content\\\/uploads\\\/2020\\\/10\\\/05-ruecklicht_detail.png\",\"datePublished\":\"2020-10-19T13:59:29+00:00\",\"dateModified\":\"2021-03-16T08:47:11+00:00\",\"author\":{\"@id\":\"https:\\\/\\\/buechel-online.com\\\/en\\\/#\\\/schema\\\/person\\\/97664ffb6ffdef48be3f98d35d2c288b\"},\"description\":\"Ein gro\u00dfes Plus an Sicherheit f\u00fcr Radfahrer bietet die B\u00dcCHEL R\u00fcckleuchte Edge mit integriertem Z-Reflektor, das erste sensorgesteuerte Bremslicht f\u00fcr Fahrr\u00e4der nach neuer StVZO und ECE-Richtlinie.\",\"breadcrumb\":{\"@id\":\"https:\\\/\\\/buechel-online.com\\\/en\\\/safer-on-the-road-with-bright-brake-light\\\/#breadcrumb\"},\"inLanguage\":\"en-US\",\"potentialAction\":[{\"@type\":\"ReadAction\",\"target\":[\"https:\\\/\\\/buechel-online.com\\\/en\\\/safer-on-the-road-with-bright-brake-light\\\/\"]}]},{\"@type\":\"ImageObject\",\"inLanguage\":\"en-US\",\"@id\":\"https:\\\/\\\/buechel-online.com\\\/en\\\/safer-on-the-road-with-bright-brake-light\\\/#primaryimage\",\"url\":\"https:\\\/\\\/buechel-online.com\\\/wp-content\\\/uploads\\\/2020\\\/10\\\/05-ruecklicht_detail.png\",\"contentUrl\":\"https:\\\/\\\/buechel-online.com\\\/wp-content\\\/uploads\\\/2020\\\/10\\\/05-ruecklicht_detail.png\",\"width\":800,\"height\":534},{\"@type\":\"BreadcrumbList\",\"@id\":\"https:\\\/\\\/buechel-online.com\\\/en\\\/safer-on-the-road-with-bright-brake-light\\\/#breadcrumb\",\"itemListElement\":[{\"@type\":\"ListItem\",\"position\":1,\"name\":\"Startseite\",\"item\":\"https:\\\/\\\/buechel-online.com\\\/en\\\/\"},{\"@type\":\"ListItem\",\"position\":2,\"name\":\"Safer on the road with bright brake light\"}]},{\"@type\":\"WebSite\",\"@id\":\"https:\\\/\\\/buechel-online.com\\\/en\\\/#website\",\"url\":\"https:\\\/\\\/buechel-online.com\\\/en\\\/\",\"name\":\"B\u00fcchel\",\"description\":\"Ihr produzierender Fahrradteilehersteller\",\"potentialAction\":[{\"@type\":\"SearchAction\",\"target\":{\"@type\":\"EntryPoint\",\"urlTemplate\":\"https:\\\/\\\/buechel-online.com\\\/en\\\/?s={search_term_string}\"},\"query-input\":{\"@type\":\"PropertyValueSpecification\",\"valueRequired\":true,\"valueName\":\"search_term_string\"}}],\"inLanguage\":\"en-US\"},{\"@type\":\"Person\",\"@id\":\"https:\\\/\\\/buechel-online.com\\\/en\\\/#\\\/schema\\\/person\\\/97664ffb6ffdef48be3f98d35d2c288b\",\"name\":\"Uwe Ruppel\",\"image\":{\"@type\":\"ImageObject\",\"inLanguage\":\"en-US\",\"@id\":\"https:\\\/\\\/secure.gravatar.com\\\/avatar\\\/5ba32e8b70f926a293286c98131f9e8ebe640eb9a162ad9399da3092792b12c3?s=96&d=mm&r=g\",\"url\":\"https:\\\/\\\/secure.gravatar.com\\\/avatar\\\/5ba32e8b70f926a293286c98131f9e8ebe640eb9a162ad9399da3092792b12c3?s=96&d=mm&r=g\",\"contentUrl\":\"https:\\\/\\\/secure.gravatar.com\\\/avatar\\\/5ba32e8b70f926a293286c98131f9e8ebe640eb9a162ad9399da3092792b12c3?s=96&d=mm&r=g\",\"caption\":\"Uwe Ruppel\"},\"url\":\"https:\\\/\\\/buechel-online.com\\\/en\\\/author\\\/uwe-ruppel\\\/\"}]}<\/script>\n<!-- \/ Yoast SEO plugin. -->","yoast_head_json":{"title":"Safer on the road with bright brake light - B\u00fcchel","description":"Ein gro\u00dfes Plus an Sicherheit f\u00fcr Radfahrer bietet die B\u00dcCHEL R\u00fcckleuchte Edge mit integriertem Z-Reflektor, das erste sensorgesteuerte Bremslicht f\u00fcr Fahrr\u00e4der nach neuer StVZO und ECE-Richtlinie.","robots":{"index":"index","follow":"follow","max-snippet":"max-snippet:-1","max-image-preview":"max-image-preview:large","max-video-preview":"max-video-preview:-1"},"canonical":"https:\/\/buechel-online.com\/en\/safer-on-the-road-with-bright-brake-light\/","og_locale":"en_US","og_type":"article","og_title":"Safer on the road with bright brake light - B\u00fcchel","og_description":"Ein gro\u00dfes Plus an Sicherheit f\u00fcr Radfahrer bietet die B\u00dcCHEL R\u00fcckleuchte Edge mit integriertem Z-Reflektor, das erste sensorgesteuerte Bremslicht f\u00fcr Fahrr\u00e4der nach neuer StVZO und ECE-Richtlinie.","og_url":"https:\/\/buechel-online.com\/en\/safer-on-the-road-with-bright-brake-light\/","og_site_name":"B\u00fcchel","article_published_time":"2020-10-19T13:59:29+00:00","article_modified_time":"2021-03-16T08:47:11+00:00","og_image":[{"width":800,"height":534,"url":"https:\/\/buechel-online.com\/wp-content\/uploads\/2020\/10\/05-ruecklicht_detail.png","type":"image\/png"}],"author":"Uwe Ruppel","twitter_card":"summary_large_image","twitter_misc":{"Written by":"Uwe Ruppel","Est. reading time":"1 minute"},"schema":{"@context":"https:\/\/schema.org","@graph":[{"@type":"Article","@id":"https:\/\/buechel-online.com\/en\/safer-on-the-road-with-bright-brake-light\/#article","isPartOf":{"@id":"https:\/\/buechel-online.com\/en\/safer-on-the-road-with-bright-brake-light\/"},"author":{"name":"Uwe Ruppel","@id":"https:\/\/buechel-online.com\/en\/#\/schema\/person\/97664ffb6ffdef48be3f98d35d2c288b"},"headline":"Safer on the road with bright brake light","datePublished":"2020-10-19T13:59:29+00:00","dateModified":"2021-03-16T08:47:11+00:00","mainEntityOfPage":{"@id":"https:\/\/buechel-online.com\/en\/safer-on-the-road-with-bright-brake-light\/"},"wordCount":198,"commentCount":0,"image":{"@id":"https:\/\/buechel-online.com\/en\/safer-on-the-road-with-bright-brake-light\/#primaryimage"},"thumbnailUrl":"https:\/\/buechel-online.com\/wp-content\/uploads\/2020\/10\/05-ruecklicht_detail.png","articleSection":["News"],"inLanguage":"en-US","potentialAction":[{"@type":"CommentAction","name":"Comment","target":["https:\/\/buechel-online.com\/en\/safer-on-the-road-with-bright-brake-light\/#respond"]}]},{"@type":"WebPage","@id":"https:\/\/buechel-online.com\/en\/safer-on-the-road-with-bright-brake-light\/","url":"https:\/\/buechel-online.com\/en\/safer-on-the-road-with-bright-brake-light\/","name":"Safer on the road with bright brake light - B\u00fcchel","isPartOf":{"@id":"https:\/\/buechel-online.com\/en\/#website"},"primaryImageOfPage":{"@id":"https:\/\/buechel-online.com\/en\/safer-on-the-road-with-bright-brake-light\/#primaryimage"},"image":{"@id":"https:\/\/buechel-online.com\/en\/safer-on-the-road-with-bright-brake-light\/#primaryimage"},"thumbnailUrl":"https:\/\/buechel-online.com\/wp-content\/uploads\/2020\/10\/05-ruecklicht_detail.png","datePublished":"2020-10-19T13:59:29+00:00","dateModified":"2021-03-16T08:47:11+00:00","author":{"@id":"https:\/\/buechel-online.com\/en\/#\/schema\/person\/97664ffb6ffdef48be3f98d35d2c288b"},"description":"Ein gro\u00dfes Plus an Sicherheit f\u00fcr Radfahrer bietet die B\u00dcCHEL R\u00fcckleuchte Edge mit integriertem Z-Reflektor, das erste sensorgesteuerte Bremslicht f\u00fcr Fahrr\u00e4der nach neuer StVZO und ECE-Richtlinie.","breadcrumb":{"@id":"https:\/\/buechel-online.com\/en\/safer-on-the-road-with-bright-brake-light\/#breadcrumb"},"inLanguage":"en-US","potentialAction":[{"@type":"ReadAction","target":["https:\/\/buechel-online.com\/en\/safer-on-the-road-with-bright-brake-light\/"]}]},{"@type":"ImageObject","inLanguage":"en-US","@id":"https:\/\/buechel-online.com\/en\/safer-on-the-road-with-bright-brake-light\/#primaryimage","url":"https:\/\/buechel-online.com\/wp-content\/uploads\/2020\/10\/05-ruecklicht_detail.png","contentUrl":"https:\/\/buechel-online.com\/wp-content\/uploads\/2020\/10\/05-ruecklicht_detail.png","width":800,"height":534},{"@type":"BreadcrumbList","@id":"https:\/\/buechel-online.com\/en\/safer-on-the-road-with-bright-brake-light\/#breadcrumb","itemListElement":[{"@type":"ListItem","position":1,"name":"Startseite","item":"https:\/\/buechel-online.com\/en\/"},{"@type":"ListItem","position":2,"name":"Safer on the road with bright brake light"}]},{"@type":"WebSite","@id":"https:\/\/buechel-online.com\/en\/#website","url":"https:\/\/buechel-online.com\/en\/","name":"B\u00fcchel","description":"Ihr produzierender Fahrradteilehersteller","potentialAction":[{"@type":"SearchAction","target":{"@type":"EntryPoint","urlTemplate":"https:\/\/buechel-online.com\/en\/?s={search_term_string}"},"query-input":{"@type":"PropertyValueSpecification","valueRequired":true,"valueName":"search_term_string"}}],"inLanguage":"en-US"},{"@type":"Person","@id":"https:\/\/buechel-online.com\/en\/#\/schema\/person\/97664ffb6ffdef48be3f98d35d2c288b","name":"Uwe Ruppel","image":{"@type":"ImageObject","inLanguage":"en-US","@id":"https:\/\/secure.gravatar.com\/avatar\/5ba32e8b70f926a293286c98131f9e8ebe640eb9a162ad9399da3092792b12c3?s=96&d=mm&r=g","url":"https:\/\/secure.gravatar.com\/avatar\/5ba32e8b70f926a293286c98131f9e8ebe640eb9a162ad9399da3092792b12c3?s=96&d=mm&r=g","contentUrl":"https:\/\/secure.gravatar.com\/avatar\/5ba32e8b70f926a293286c98131f9e8ebe640eb9a162ad9399da3092792b12c3?s=96&d=mm&r=g","caption":"Uwe Ruppel"},"url":"https:\/\/buechel-online.com\/en\/author\/uwe-ruppel\/"}]}},"_links":{"self":[{"href":"https:\/\/buechel-online.com\/en\/wp-json\/wp\/v2\/posts\/3736","targetHints":{"allow":["GET"]}}],"collection":[{"href":"https:\/\/buechel-online.com\/en\/wp-json\/wp\/v2\/posts"}],"about":[{"href":"https:\/\/buechel-online.com\/en\/wp-json\/wp\/v2\/types\/post"}],"author":[{"embeddable":true,"href":"https:\/\/buechel-online.com\/en\/wp-json\/wp\/v2\/users\/3"}],"replies":[{"embeddable":true,"href":"https:\/\/buechel-online.com\/en\/wp-json\/wp\/v2\/comments?post=3736"}],"version-history":[{"count":2,"href":"https:\/\/buechel-online.com\/en\/wp-json\/wp\/v2\/posts\/3736\/revisions"}],"predecessor-version":[{"id":7557,"href":"https:\/\/buechel-online.com\/en\/wp-json\/wp\/v2\/posts\/3736\/revisions\/7557"}],"wp:featuredmedia":[{"embeddable":true,"href":"https:\/\/buechel-online.com\/en\/wp-json\/wp\/v2\/media\/3588"}],"wp:attachment":[{"href":"https:\/\/buechel-online.com\/en\/wp-json\/wp\/v2\/media?parent=3736"}],"wp:term":[{"taxonomy":"category","embeddable":true,"href":"https:\/\/buechel-online.com\/en\/wp-json\/wp\/v2\/categories?post=3736"},{"taxonomy":"post_tag","embeddable":true,"href":"https:\/\/buechel-online.com\/en\/wp-json\/wp\/v2\/tags?post=3736"}],"curies":[{"name":"wp","href":"https:\/\/api.w.org\/{rel}","templated":true}]}}