{"id":3730,"date":"2020-03-14T17:04:47","date_gmt":"2020-03-14T16:04:47","guid":{"rendered":"https:\/\/buechel-online.com\/erhard-buechel-als-praesident-des-europaeischen-fahrrad-industrie-verbandes-conebi-bestaetigt\/"},"modified":"2021-02-18T12:11:56","modified_gmt":"2021-02-18T11:11:56","slug":"erhard-buechel-confirmed-as-president","status":"publish","type":"post","link":"https:\/\/buechel-online.com\/en\/erhard-buechel-confirmed-as-president\/","title":{"rendered":"Erhard B\u00fcchel confirmed as president"},"content":{"rendered":"\n<h2 class=\"has-text-align-center wp-block-heading\">Erhard B\u00fcchel confirmed as president of CONEBI<\/h2>\n\n\n\n<div style=\"height:30px\" aria-hidden=\"true\" class=\"wp-block-spacer\"><\/div>\n\n\n\n<div class=\"wp-block-columns is-layout-flex wp-container-core-columns-is-layout-9d6595d7 wp-block-columns-is-layout-flex\">\n<div class=\"wp-block-column is-layout-flow wp-block-column-is-layout-flow\">\n<figure class=\"wp-block-image size-large\"><img loading=\"lazy\" decoding=\"async\" width=\"600\" height=\"474\" src=\"https:\/\/buechel-online.com\/wp-content\/uploads\/2020\/03\/conebi-ga-2019-web.jpg\" alt=\"\" class=\"wp-image-3103\" srcset=\"https:\/\/buechel-online.com\/wp-content\/uploads\/2020\/03\/conebi-ga-2019-web.jpg 600w, https:\/\/buechel-online.com\/wp-content\/uploads\/2020\/03\/conebi-ga-2019-web-300x237.jpg 300w\" sizes=\"auto, (max-width: 600px) 100vw, 600px\" \/><\/figure>\n<\/div>\n\n\n\n<div class=\"wp-block-column is-layout-flow wp-block-column-is-layout-flow\">\n<p>On October 29, the annual CONEBI General Assembly took place in Brussels. CONEBI (Confederation of the European Bicycle Industry) represents the interests of the European bicycle, pedal assist e-bike, and their spare parts and accessories industry at the EU, the UN, and other organizations, and represents over 500 industrial companies from all over Europe through its national member associations.<\/p>\n\n\n\n<p>The Board of Directors was re-elected for a further term of two years and Erhard B\u00fcchel was confirmed as Chairman. Ton Anbeek, CEO of Accell Group, became Vice Chairman. The Board of Directors now consists of:<\/p>\n\n\n\n<ul class=\"wp-block-list\"><li>Erhard B\u00fcchel (Managing Director of B\u00fcchel GmbH &amp; Co. Fahrzeugteilefabrik KG, D) &#8211; President.<\/li><li>Ton Anbeek (CEO of Accell Group, NL) &#8211; Vice President<\/li><li>Paulo Fernando Monteiro Rodrigues (President of Mind over Body, PT) &#8211; Vice President<\/li><li>Massimo Panzeri (CEO of Atala, IT) &#8211; Vice President<\/li><li>Sacha Boedijn (RAI Vereniging, NL) &#8211; Treasurer<\/li><\/ul>\n\n\n\n<p><br>During the General Assembly, a variety of topics were discussed that are crucial for the European cycling industry, such as insurance and ISO guidelines. A priority for 2020 is a new working group on Intelligent Transport Systems (ITS) and Safer Cycling, which will directly support the European Commission&#8217;s Cooperative, Connected and Autonomous Mobility working group as an expert member.<\/p>\n\n\n\n<p><br>CONEBI, as a founding member of the World Bicycle Industry Association (WBIA), will increase its advocacy at the UN level for the role of the global bicycle industry in intelligent transportation systems and, in its role as WBIA secretariat, is pleased to shape the organization of a first global meeting in early 2020.<\/p>\n\n\n\n<div style=\"height:50px\" aria-hidden=\"true\" class=\"wp-block-spacer\"><\/div>\n\n\n\n<p><\/p>\n\n\n\n<p><a href=\"http:\/\/www.conebi.eu\/\">conebi.eu<br><\/a><a href=\"https:\/\/www.wbia.ch\/\">wbia.ch<\/a><\/p>\n<\/div>\n<\/div>\n\n\n\n<p><\/p>\n","protected":false},"excerpt":{"rendered":"<p>Erhard B\u00fcchel confirmed as president of CONEBI Erhard B\u00fcchel (Managing Director of B\u00fcchel GmbH &amp; Co. Fahrzeugteilefabrik KG, D) &#8211;&#8230;<\/p>\n","protected":false},"author":3,"featured_media":3103,"comment_status":"open","ping_status":"open","sticky":false,"template":"","format":"standard","meta":{"_acf_changed":false,"footnotes":""},"categories":[65],"tags":[],"class_list":["post-3730","post","type-post","status-publish","format-standard","has-post-thumbnail","hentry","category-news-en"],"acf":[],"yoast_head":"<!-- This site is optimized with the Yoast SEO plugin v27.5 - https:\/\/yoast.com\/product\/yoast-seo-wordpress\/ -->\n<title>Erhard B\u00fcchel confirmed as president - B\u00fcchel<\/title>\n<meta name=\"robots\" content=\"index, follow, max-snippet:-1, max-image-preview:large, max-video-preview:-1\" \/>\n<link rel=\"canonical\" href=\"https:\/\/buechel-online.com\/en\/erhard-buechel-confirmed-as-president\/\" \/>\n<meta property=\"og:locale\" content=\"en_US\" \/>\n<meta property=\"og:type\" content=\"article\" \/>\n<meta property=\"og:title\" content=\"Erhard B\u00fcchel confirmed as president - B\u00fcchel\" \/>\n<meta property=\"og:description\" content=\"Erhard B\u00fcchel confirmed as president of CONEBI Erhard B\u00fcchel (Managing Director of B\u00fcchel GmbH &amp; Co. Fahrzeugteilefabrik KG, D) &#8211;...\" \/>\n<meta property=\"og:url\" content=\"https:\/\/buechel-online.com\/en\/erhard-buechel-confirmed-as-president\/\" \/>\n<meta property=\"og:site_name\" content=\"B\u00fcchel\" \/>\n<meta property=\"article:published_time\" content=\"2020-03-14T16:04:47+00:00\" \/>\n<meta property=\"article:modified_time\" content=\"2021-02-18T11:11:56+00:00\" \/>\n<meta property=\"og:image\" content=\"https:\/\/buechel-online.com\/wp-content\/uploads\/2020\/03\/conebi-ga-2019-web.jpg\" \/>\n\t<meta property=\"og:image:width\" content=\"600\" \/>\n\t<meta property=\"og:image:height\" content=\"474\" \/>\n\t<meta property=\"og:image:type\" content=\"image\/jpeg\" \/>\n<meta name=\"author\" content=\"Uwe Ruppel\" \/>\n<meta name=\"twitter:card\" content=\"summary_large_image\" \/>\n<meta name=\"twitter:label1\" content=\"Written by\" \/>\n\t<meta name=\"twitter:data1\" content=\"Uwe Ruppel\" \/>\n\t<meta name=\"twitter:label2\" content=\"Est. reading time\" \/>\n\t<meta name=\"twitter:data2\" content=\"1 minute\" \/>\n<script type=\"application\/ld+json\" class=\"yoast-schema-graph\">{\"@context\":\"https:\\\/\\\/schema.org\",\"@graph\":[{\"@type\":\"Article\",\"@id\":\"https:\\\/\\\/buechel-online.com\\\/en\\\/erhard-buechel-confirmed-as-president\\\/#article\",\"isPartOf\":{\"@id\":\"https:\\\/\\\/buechel-online.com\\\/en\\\/erhard-buechel-confirmed-as-president\\\/\"},\"author\":{\"name\":\"Uwe Ruppel\",\"@id\":\"https:\\\/\\\/buechel-online.com\\\/en\\\/#\\\/schema\\\/person\\\/97664ffb6ffdef48be3f98d35d2c288b\"},\"headline\":\"Erhard B\u00fcchel confirmed as president\",\"datePublished\":\"2020-03-14T16:04:47+00:00\",\"dateModified\":\"2021-02-18T11:11:56+00:00\",\"mainEntityOfPage\":{\"@id\":\"https:\\\/\\\/buechel-online.com\\\/en\\\/erhard-buechel-confirmed-as-president\\\/\"},\"wordCount\":277,\"commentCount\":0,\"image\":{\"@id\":\"https:\\\/\\\/buechel-online.com\\\/en\\\/erhard-buechel-confirmed-as-president\\\/#primaryimage\"},\"thumbnailUrl\":\"https:\\\/\\\/buechel-online.com\\\/wp-content\\\/uploads\\\/2020\\\/03\\\/conebi-ga-2019-web.jpg\",\"articleSection\":[\"News\"],\"inLanguage\":\"en-US\",\"potentialAction\":[{\"@type\":\"CommentAction\",\"name\":\"Comment\",\"target\":[\"https:\\\/\\\/buechel-online.com\\\/en\\\/erhard-buechel-confirmed-as-president\\\/#respond\"]}]},{\"@type\":\"WebPage\",\"@id\":\"https:\\\/\\\/buechel-online.com\\\/en\\\/erhard-buechel-confirmed-as-president\\\/\",\"url\":\"https:\\\/\\\/buechel-online.com\\\/en\\\/erhard-buechel-confirmed-as-president\\\/\",\"name\":\"Erhard B\u00fcchel confirmed as president - B\u00fcchel\",\"isPartOf\":{\"@id\":\"https:\\\/\\\/buechel-online.com\\\/en\\\/#website\"},\"primaryImageOfPage\":{\"@id\":\"https:\\\/\\\/buechel-online.com\\\/en\\\/erhard-buechel-confirmed-as-president\\\/#primaryimage\"},\"image\":{\"@id\":\"https:\\\/\\\/buechel-online.com\\\/en\\\/erhard-buechel-confirmed-as-president\\\/#primaryimage\"},\"thumbnailUrl\":\"https:\\\/\\\/buechel-online.com\\\/wp-content\\\/uploads\\\/2020\\\/03\\\/conebi-ga-2019-web.jpg\",\"datePublished\":\"2020-03-14T16:04:47+00:00\",\"dateModified\":\"2021-02-18T11:11:56+00:00\",\"author\":{\"@id\":\"https:\\\/\\\/buechel-online.com\\\/en\\\/#\\\/schema\\\/person\\\/97664ffb6ffdef48be3f98d35d2c288b\"},\"breadcrumb\":{\"@id\":\"https:\\\/\\\/buechel-online.com\\\/en\\\/erhard-buechel-confirmed-as-president\\\/#breadcrumb\"},\"inLanguage\":\"en-US\",\"potentialAction\":[{\"@type\":\"ReadAction\",\"target\":[\"https:\\\/\\\/buechel-online.com\\\/en\\\/erhard-buechel-confirmed-as-president\\\/\"]}]},{\"@type\":\"ImageObject\",\"inLanguage\":\"en-US\",\"@id\":\"https:\\\/\\\/buechel-online.com\\\/en\\\/erhard-buechel-confirmed-as-president\\\/#primaryimage\",\"url\":\"https:\\\/\\\/buechel-online.com\\\/wp-content\\\/uploads\\\/2020\\\/03\\\/conebi-ga-2019-web.jpg\",\"contentUrl\":\"https:\\\/\\\/buechel-online.com\\\/wp-content\\\/uploads\\\/2020\\\/03\\\/conebi-ga-2019-web.jpg\",\"width\":600,\"height\":474},{\"@type\":\"BreadcrumbList\",\"@id\":\"https:\\\/\\\/buechel-online.com\\\/en\\\/erhard-buechel-confirmed-as-president\\\/#breadcrumb\",\"itemListElement\":[{\"@type\":\"ListItem\",\"position\":1,\"name\":\"Startseite\",\"item\":\"https:\\\/\\\/buechel-online.com\\\/en\\\/\"},{\"@type\":\"ListItem\",\"position\":2,\"name\":\"Erhard B\u00fcchel confirmed as president\"}]},{\"@type\":\"WebSite\",\"@id\":\"https:\\\/\\\/buechel-online.com\\\/en\\\/#website\",\"url\":\"https:\\\/\\\/buechel-online.com\\\/en\\\/\",\"name\":\"B\u00fcchel\",\"description\":\"Ihr produzierender Fahrradteilehersteller\",\"potentialAction\":[{\"@type\":\"SearchAction\",\"target\":{\"@type\":\"EntryPoint\",\"urlTemplate\":\"https:\\\/\\\/buechel-online.com\\\/en\\\/?s={search_term_string}\"},\"query-input\":{\"@type\":\"PropertyValueSpecification\",\"valueRequired\":true,\"valueName\":\"search_term_string\"}}],\"inLanguage\":\"en-US\"},{\"@type\":\"Person\",\"@id\":\"https:\\\/\\\/buechel-online.com\\\/en\\\/#\\\/schema\\\/person\\\/97664ffb6ffdef48be3f98d35d2c288b\",\"name\":\"Uwe Ruppel\",\"image\":{\"@type\":\"ImageObject\",\"inLanguage\":\"en-US\",\"@id\":\"https:\\\/\\\/secure.gravatar.com\\\/avatar\\\/5ba32e8b70f926a293286c98131f9e8ebe640eb9a162ad9399da3092792b12c3?s=96&d=mm&r=g\",\"url\":\"https:\\\/\\\/secure.gravatar.com\\\/avatar\\\/5ba32e8b70f926a293286c98131f9e8ebe640eb9a162ad9399da3092792b12c3?s=96&d=mm&r=g\",\"contentUrl\":\"https:\\\/\\\/secure.gravatar.com\\\/avatar\\\/5ba32e8b70f926a293286c98131f9e8ebe640eb9a162ad9399da3092792b12c3?s=96&d=mm&r=g\",\"caption\":\"Uwe Ruppel\"},\"url\":\"https:\\\/\\\/buechel-online.com\\\/en\\\/author\\\/uwe-ruppel\\\/\"}]}<\/script>\n<!-- \/ Yoast SEO plugin. -->","yoast_head_json":{"title":"Erhard B\u00fcchel confirmed as president - B\u00fcchel","robots":{"index":"index","follow":"follow","max-snippet":"max-snippet:-1","max-image-preview":"max-image-preview:large","max-video-preview":"max-video-preview:-1"},"canonical":"https:\/\/buechel-online.com\/en\/erhard-buechel-confirmed-as-president\/","og_locale":"en_US","og_type":"article","og_title":"Erhard B\u00fcchel confirmed as president - B\u00fcchel","og_description":"Erhard B\u00fcchel confirmed as president of CONEBI Erhard B\u00fcchel (Managing Director of B\u00fcchel GmbH &amp; Co. Fahrzeugteilefabrik KG, D) &#8211;...","og_url":"https:\/\/buechel-online.com\/en\/erhard-buechel-confirmed-as-president\/","og_site_name":"B\u00fcchel","article_published_time":"2020-03-14T16:04:47+00:00","article_modified_time":"2021-02-18T11:11:56+00:00","og_image":[{"width":600,"height":474,"url":"https:\/\/buechel-online.com\/wp-content\/uploads\/2020\/03\/conebi-ga-2019-web.jpg","type":"image\/jpeg"}],"author":"Uwe Ruppel","twitter_card":"summary_large_image","twitter_misc":{"Written by":"Uwe Ruppel","Est. reading time":"1 minute"},"schema":{"@context":"https:\/\/schema.org","@graph":[{"@type":"Article","@id":"https:\/\/buechel-online.com\/en\/erhard-buechel-confirmed-as-president\/#article","isPartOf":{"@id":"https:\/\/buechel-online.com\/en\/erhard-buechel-confirmed-as-president\/"},"author":{"name":"Uwe Ruppel","@id":"https:\/\/buechel-online.com\/en\/#\/schema\/person\/97664ffb6ffdef48be3f98d35d2c288b"},"headline":"Erhard B\u00fcchel confirmed as president","datePublished":"2020-03-14T16:04:47+00:00","dateModified":"2021-02-18T11:11:56+00:00","mainEntityOfPage":{"@id":"https:\/\/buechel-online.com\/en\/erhard-buechel-confirmed-as-president\/"},"wordCount":277,"commentCount":0,"image":{"@id":"https:\/\/buechel-online.com\/en\/erhard-buechel-confirmed-as-president\/#primaryimage"},"thumbnailUrl":"https:\/\/buechel-online.com\/wp-content\/uploads\/2020\/03\/conebi-ga-2019-web.jpg","articleSection":["News"],"inLanguage":"en-US","potentialAction":[{"@type":"CommentAction","name":"Comment","target":["https:\/\/buechel-online.com\/en\/erhard-buechel-confirmed-as-president\/#respond"]}]},{"@type":"WebPage","@id":"https:\/\/buechel-online.com\/en\/erhard-buechel-confirmed-as-president\/","url":"https:\/\/buechel-online.com\/en\/erhard-buechel-confirmed-as-president\/","name":"Erhard B\u00fcchel confirmed as president - B\u00fcchel","isPartOf":{"@id":"https:\/\/buechel-online.com\/en\/#website"},"primaryImageOfPage":{"@id":"https:\/\/buechel-online.com\/en\/erhard-buechel-confirmed-as-president\/#primaryimage"},"image":{"@id":"https:\/\/buechel-online.com\/en\/erhard-buechel-confirmed-as-president\/#primaryimage"},"thumbnailUrl":"https:\/\/buechel-online.com\/wp-content\/uploads\/2020\/03\/conebi-ga-2019-web.jpg","datePublished":"2020-03-14T16:04:47+00:00","dateModified":"2021-02-18T11:11:56+00:00","author":{"@id":"https:\/\/buechel-online.com\/en\/#\/schema\/person\/97664ffb6ffdef48be3f98d35d2c288b"},"breadcrumb":{"@id":"https:\/\/buechel-online.com\/en\/erhard-buechel-confirmed-as-president\/#breadcrumb"},"inLanguage":"en-US","potentialAction":[{"@type":"ReadAction","target":["https:\/\/buechel-online.com\/en\/erhard-buechel-confirmed-as-president\/"]}]},{"@type":"ImageObject","inLanguage":"en-US","@id":"https:\/\/buechel-online.com\/en\/erhard-buechel-confirmed-as-president\/#primaryimage","url":"https:\/\/buechel-online.com\/wp-content\/uploads\/2020\/03\/conebi-ga-2019-web.jpg","contentUrl":"https:\/\/buechel-online.com\/wp-content\/uploads\/2020\/03\/conebi-ga-2019-web.jpg","width":600,"height":474},{"@type":"BreadcrumbList","@id":"https:\/\/buechel-online.com\/en\/erhard-buechel-confirmed-as-president\/#breadcrumb","itemListElement":[{"@type":"ListItem","position":1,"name":"Startseite","item":"https:\/\/buechel-online.com\/en\/"},{"@type":"ListItem","position":2,"name":"Erhard B\u00fcchel confirmed as president"}]},{"@type":"WebSite","@id":"https:\/\/buechel-online.com\/en\/#website","url":"https:\/\/buechel-online.com\/en\/","name":"B\u00fcchel","description":"Ihr produzierender Fahrradteilehersteller","potentialAction":[{"@type":"SearchAction","target":{"@type":"EntryPoint","urlTemplate":"https:\/\/buechel-online.com\/en\/?s={search_term_string}"},"query-input":{"@type":"PropertyValueSpecification","valueRequired":true,"valueName":"search_term_string"}}],"inLanguage":"en-US"},{"@type":"Person","@id":"https:\/\/buechel-online.com\/en\/#\/schema\/person\/97664ffb6ffdef48be3f98d35d2c288b","name":"Uwe Ruppel","image":{"@type":"ImageObject","inLanguage":"en-US","@id":"https:\/\/secure.gravatar.com\/avatar\/5ba32e8b70f926a293286c98131f9e8ebe640eb9a162ad9399da3092792b12c3?s=96&d=mm&r=g","url":"https:\/\/secure.gravatar.com\/avatar\/5ba32e8b70f926a293286c98131f9e8ebe640eb9a162ad9399da3092792b12c3?s=96&d=mm&r=g","contentUrl":"https:\/\/secure.gravatar.com\/avatar\/5ba32e8b70f926a293286c98131f9e8ebe640eb9a162ad9399da3092792b12c3?s=96&d=mm&r=g","caption":"Uwe Ruppel"},"url":"https:\/\/buechel-online.com\/en\/author\/uwe-ruppel\/"}]}},"_links":{"self":[{"href":"https:\/\/buechel-online.com\/en\/wp-json\/wp\/v2\/posts\/3730","targetHints":{"allow":["GET"]}}],"collection":[{"href":"https:\/\/buechel-online.com\/en\/wp-json\/wp\/v2\/posts"}],"about":[{"href":"https:\/\/buechel-online.com\/en\/wp-json\/wp\/v2\/types\/post"}],"author":[{"embeddable":true,"href":"https:\/\/buechel-online.com\/en\/wp-json\/wp\/v2\/users\/3"}],"replies":[{"embeddable":true,"href":"https:\/\/buechel-online.com\/en\/wp-json\/wp\/v2\/comments?post=3730"}],"version-history":[{"count":1,"href":"https:\/\/buechel-online.com\/en\/wp-json\/wp\/v2\/posts\/3730\/revisions"}],"predecessor-version":[{"id":3732,"href":"https:\/\/buechel-online.com\/en\/wp-json\/wp\/v2\/posts\/3730\/revisions\/3732"}],"wp:featuredmedia":[{"embeddable":true,"href":"https:\/\/buechel-online.com\/en\/wp-json\/wp\/v2\/media\/3103"}],"wp:attachment":[{"href":"https:\/\/buechel-online.com\/en\/wp-json\/wp\/v2\/media?parent=3730"}],"wp:term":[{"taxonomy":"category","embeddable":true,"href":"https:\/\/buechel-online.com\/en\/wp-json\/wp\/v2\/categories?post=3730"},{"taxonomy":"post_tag","embeddable":true,"href":"https:\/\/buechel-online.com\/en\/wp-json\/wp\/v2\/tags?post=3730"}],"curies":[{"name":"wp","href":"https:\/\/api.w.org\/{rel}","templated":true}]}}